{"id":40266,"date":"2022-07-11T09:46:52","date_gmt":"2022-07-11T12:46:52","guid":{"rendered":"http:\/\/www.sincomam.org.br\/?p=40266"},"modified":"2022-07-11T09:46:52","modified_gmt":"2022-07-11T12:46:52","slug":"nova-divisao-de-drones-e-colocada-em-acao-pela-marinha-do-brasil","status":"publish","type":"post","link":"https:\/\/www.sincomam.org.br\/index.php\/nova-divisao-de-drones-e-colocada-em-acao-pela-marinha-do-brasil\/","title":{"rendered":"Nova divis\u00e3o de drones \u00e9 colocada em a\u00e7\u00e3o pela Marinha do Brasil"},"content":{"rendered":"<p>A Marinha do Brasil realizou a cerim\u00f4nia de lan\u00e7amento e ativa\u00e7\u00e3o do 1.\u00ba Esquadr\u00e3o de Aeronaves Remotamente Pilotadas (EsqdQE-1). O evento ocorreu na base naval de S\u00e3o Pedro da Aldeia, na regi\u00e3o dos Lagos, e foi motivo de muita comemora\u00e7\u00e3o. O uso dos drones ir\u00e1 aumentar a capacidade de atua\u00e7\u00e3o dos navios durante as miss\u00f5es de intelig\u00eancia e reconhecimento.<\/p>\n<p>Segundo a Marinha Brasileira afirma que, a cria\u00e7\u00e3o do EsqdE-1 \u00e9 um marco em toda a hist\u00f3ria das for\u00e7as armadas e aumentar\u00e1 a capacidade das miss\u00f5es de reconhecimento dos navios: \u201cA cria\u00e7\u00e3o do EsqdQE-1 \u00e9 um grande marco na hist\u00f3ria da Avia\u00e7\u00e3o Naval e trar\u00e1 significativo aumento na capacidade operacional dos navios da for\u00e7a naval durante miss\u00f5es de intelig\u00eancia, vigil\u00e2ncia e reconhecimento\u201d, diz, em nota, a Marinha.<\/p>\n<p>Nesse sentido, o esquadr\u00e3o conta com seis tipos de aeronaves, al\u00e9m de contar, tamb\u00e9m, com dois lan\u00e7adores e dois recolhedores. Tamb\u00e9m de acordo com as for\u00e7as armadas, esses, poder\u00e3o ser utilizados tanto em terra quanto no mar, inclusive \u00e0 noite, para monitoramento de desastres, combate \u00e0 pirataria, opera\u00e7\u00f5es de resgate e prote\u00e7\u00e3o da vida humana nos mares e oceanos, por exemplo.<\/p>\n<p>Al\u00e9m disso, a Marinha Brasileira ainda afirma que a Organiza\u00e7\u00e3o Militar do Setor Operativo, Subordinada do Comando da For\u00e7a Aeronaval tem a inten\u00e7\u00e3o de contribuir com o processo decisivo de planejamento e emprego do poderio naval por meio da utiliza\u00e7\u00e3o do esquadr\u00e3o de drones. Com a utiliza\u00e7\u00e3o da divis\u00e3o de drones, a For\u00e7a Aeronaval conseguir\u00e1 combater mais eficientemente at\u00e9 quest\u00f5es como o terrorismo.<\/p>\n<p>Quando questionada sobre onde os drones far\u00e3o patrulhamento no in\u00edcio das opera\u00e7\u00f5es, ainda em seu site, a Marinha Brasileira n\u00e3o respondeu. De acordo com ela, a nova opera\u00e7\u00e3o militar ficar\u00e1 sob responsabilidade da For\u00e7a Aeronave. O primeiro lan\u00e7amento foi realizado no \u00faltimo dia 28 de junho, tamb\u00e9m em S\u00e3o Pedro da Aldeia e o v\u00eddeo de prepara\u00e7\u00e3o, pouso e retorno foi compartilhado.<\/p>\n<p>Os militares das for\u00e7as armadas participaram de um treinamento sobre o funcionamento dos drones ano passado, nos Estados Unidos. O an\u00fancio que o esquadr\u00e3o de drones iriam fazer parte da avia\u00e7\u00e3o naval brasileira foi feito em 2019 e desde ent\u00e3o vinham sendo feitas in\u00fameras prepara\u00e7\u00f5es para o dia de lan\u00e7amento das aeronaves remotamente pilotadas.<\/p>\n<p>O ScanEagle, drone usado pela Marinha Brasileira, possui baixo peso e em m\u00e9dia 3,1 metros de envergadura, 1,6 metro de comprimento e teto de 19,5 mil p\u00e9s, ou seja, cerca de quase 6 mil metros. Ele possui um motor com gasolina que pode durar at\u00e9 24 horas de maneira aut\u00f4noma.<\/p>\n<p>\u00c9 interessante saber, tamb\u00e9m, que a aeronave decola a partir de um lan\u00e7ador, pode partir de um navio e voltar para a embarca\u00e7\u00e3o, pois n\u00e3o h\u00e1 trem de pouso, diz a empresa Insitu, respons\u00e1vel pela fabrica\u00e7\u00e3o dos drones.<\/p>\n<p>Al\u00e9m disso, a empresa afirma que o drone alcan\u00e7a uma velocidade de quase 150 km\/h e o raio de sua a\u00e7\u00e3o \u00e9 at\u00e9 100 km\/h. A Insitu tamb\u00e9m confirma que a aeronave consegue voar em ambientes extremos carregando uma c\u00e2mera ou com infravermelho, aumentando a efici\u00eancia em miss\u00f5es de reconhecimento, intelig\u00eancia e vigil\u00e2ncia.<\/p>\n<p>Fonte: Click Petr\u00f3leo e G\u00e1s<\/p>\n","protected":false},"excerpt":{"rendered":"<p>A Marinha do Brasil realizou a cerim\u00f4nia de lan\u00e7amento e ativa\u00e7\u00e3o do 1.\u00ba Esquadr\u00e3o de Aeronaves Remotamente Pilotadas (EsqdQE-1). O evento ocorreu na base naval&#8230;<\/p>\n","protected":false},"author":1527,"featured_media":40267,"comment_status":"closed","ping_status":"closed","sticky":false,"template":"","format":"standard","meta":{"footnotes":""},"categories":[6],"tags":[],"class_list":["post-40266","post","type-post","status-publish","format-standard","has-post-thumbnail","hentry","category-noticias"],"_links":{"self":[{"href":"https:\/\/www.sincomam.org.br\/index.php\/wp-json\/wp\/v2\/posts\/40266","targetHints":{"allow":["GET"]}}],"collection":[{"href":"https:\/\/www.sincomam.org.br\/index.php\/wp-json\/wp\/v2\/posts"}],"about":[{"href":"https:\/\/www.sincomam.org.br\/index.php\/wp-json\/wp\/v2\/types\/post"}],"author":[{"embeddable":true,"href":"https:\/\/www.sincomam.org.br\/index.php\/wp-json\/wp\/v2\/users\/1527"}],"replies":[{"embeddable":true,"href":"https:\/\/www.sincomam.org.br\/index.php\/wp-json\/wp\/v2\/comments?post=40266"}],"version-history":[{"count":1,"href":"https:\/\/www.sincomam.org.br\/index.php\/wp-json\/wp\/v2\/posts\/40266\/revisions"}],"predecessor-version":[{"id":40268,"href":"https:\/\/www.sincomam.org.br\/index.php\/wp-json\/wp\/v2\/posts\/40266\/revisions\/40268"}],"wp:featuredmedia":[{"embeddable":true,"href":"https:\/\/www.sincomam.org.br\/index.php\/wp-json\/wp\/v2\/media\/40267"}],"wp:attachment":[{"href":"https:\/\/www.sincomam.org.br\/index.php\/wp-json\/wp\/v2\/media?parent=40266"}],"wp:term":[{"taxonomy":"category","embeddable":true,"href":"https:\/\/www.sincomam.org.br\/index.php\/wp-json\/wp\/v2\/categories?post=40266"},{"taxonomy":"post_tag","embeddable":true,"href":"https:\/\/www.sincomam.org.br\/index.php\/wp-json\/wp\/v2\/tags?post=40266"}],"curies":[{"name":"wp","href":"https:\/\/api.w.org\/{rel}","templated":true}]}}