{"id":4025,"date":"2014-03-07T08:06:47","date_gmt":"2014-03-07T11:06:47","guid":{"rendered":"http:\/\/www.sincomam.org.br\/?p=4025"},"modified":"2014-03-07T09:12:49","modified_gmt":"2014-03-07T12:12:49","slug":"sep-autoriza-novas-instalacoes-portuarias-em-cinco-estados","status":"publish","type":"post","link":"https:\/\/www.sincomam.org.br\/index.php\/sep-autoriza-novas-instalacoes-portuarias-em-cinco-estados\/","title":{"rendered":"SEP autoriza novas instala\u00e7\u00f5es portu\u00e1rias em cinco estados"},"content":{"rendered":"<p>A Secretaria de Portos autorizou, nesta sexta-feira (28), a instala\u00e7\u00e3o do Terminal de Uso Privado (TUP) da Manabi Log\u00edstica, no munic\u00edpio de Linhares (ES), com capacidade para movimentar 25 milh\u00f5es de toneladas\/ano de graneis s\u00f3lidos e previs\u00e3o de investimentos de R$ 1,5 bilh\u00e3o.<\/p>\n<p>Al\u00e9m do TUP no Esp\u00edrito Santo, a SEP autorizou, em fevereiro (at\u00e9 hoje), cinco novos empreendimentos portu\u00e1rios: um TUP em S\u00e3o Jo\u00e3o da Barra (RJ) &#8211; Intermoor do Brasil Servi\u00e7os Offshore; uma\u00a0 Esta\u00e7\u00e3o de Transbordo de Carga (ETC) em Manaus (AM) \u2013 RONAV; e tr\u00eas ETCs da Transporte Bertolini &#8211; em Juriti (PA), Manaus(AM) e Porto Velho (RO).<\/p>\n<p>Na Intermoor ser\u00e3o investidos R$ 73,6 milh\u00f5es para movimenta\u00e7\u00e3o de carga geral. Na ETC RONAV, o valor do investimento \u00e9 de R$ 3 milh\u00f5es (carga geral) e as ETCs da Bertolin (carga geral e granel s\u00f3lido), R$ 4,67 milh\u00f5es.<\/p>\n<p>Com os novos empreendimentos, j\u00e1 s\u00e3o 14 novos contratos de ades\u00e3o assinados desde a entrada em vigor do novo marco regulat\u00f3rio do setor (Lei 12.815\/2013), al\u00e9m da amplia\u00e7\u00e3o do terminal da Ultraf\u00e9ril j\u00e1 existente no Porto de Santos.<\/p>\n<p>Esse novo ciclo de autoriza\u00e7\u00f5es para instala\u00e7\u00f5es portu\u00e1rias privadas come\u00e7ou em dezembro do ano passado e os investimentos, at\u00e9 o momento, somam quase R$ 8 bilh\u00f5es. Segundo o ministro Antonio Henrique Silveira, as autoriza\u00e7\u00f5es prosseguir\u00e3o num processo cont\u00ednuo. Mais de 50 empreendimentos est\u00e3o em andamento, num total de R$ 7,28 bilh\u00f5es.<\/p>\n<p>Fonte: Ascom SEP \/ Foto: divulga\u00e7\u00e3o &#8211; Porto de Manaus (AM)<\/p>\n","protected":false},"excerpt":{"rendered":"<p>A Secretaria de Portos autorizou, nesta sexta-feira (28), a instala\u00e7\u00e3o do Terminal de Uso Privado (TUP) da Manabi Log\u00edstica, no munic\u00edpio de Linhares (ES), com&#8230;<\/p>\n","protected":false},"author":1182,"featured_media":3680,"comment_status":"closed","ping_status":"closed","sticky":false,"template":"","format":"standard","meta":{"footnotes":""},"categories":[6],"tags":[658,69,157,656,657],"class_list":["post-4025","post","type-post","status-publish","format-standard","has-post-thumbnail","hentry","category-noticias","tag-manabi-logistica","tag-portos","tag-sep","tag-terminal","tag-tup"],"_links":{"self":[{"href":"https:\/\/www.sincomam.org.br\/index.php\/wp-json\/wp\/v2\/posts\/4025","targetHints":{"allow":["GET"]}}],"collection":[{"href":"https:\/\/www.sincomam.org.br\/index.php\/wp-json\/wp\/v2\/posts"}],"about":[{"href":"https:\/\/www.sincomam.org.br\/index.php\/wp-json\/wp\/v2\/types\/post"}],"author":[{"embeddable":true,"href":"https:\/\/www.sincomam.org.br\/index.php\/wp-json\/wp\/v2\/users\/1182"}],"replies":[{"embeddable":true,"href":"https:\/\/www.sincomam.org.br\/index.php\/wp-json\/wp\/v2\/comments?post=4025"}],"version-history":[{"count":3,"href":"https:\/\/www.sincomam.org.br\/index.php\/wp-json\/wp\/v2\/posts\/4025\/revisions"}],"predecessor-version":[{"id":4046,"href":"https:\/\/www.sincomam.org.br\/index.php\/wp-json\/wp\/v2\/posts\/4025\/revisions\/4046"}],"wp:featuredmedia":[{"embeddable":true,"href":"https:\/\/www.sincomam.org.br\/index.php\/wp-json\/wp\/v2\/media\/3680"}],"wp:attachment":[{"href":"https:\/\/www.sincomam.org.br\/index.php\/wp-json\/wp\/v2\/media?parent=4025"}],"wp:term":[{"taxonomy":"category","embeddable":true,"href":"https:\/\/www.sincomam.org.br\/index.php\/wp-json\/wp\/v2\/categories?post=4025"},{"taxonomy":"post_tag","embeddable":true,"href":"https:\/\/www.sincomam.org.br\/index.php\/wp-json\/wp\/v2\/tags?post=4025"}],"curies":[{"name":"wp","href":"https:\/\/api.w.org\/{rel}","templated":true}]}}