{"id":40234,"date":"2022-07-08T09:50:18","date_gmt":"2022-07-08T12:50:18","guid":{"rendered":"http:\/\/www.sincomam.org.br\/?p=40234"},"modified":"2022-07-08T09:50:18","modified_gmt":"2022-07-08T12:50:18","slug":"tcu-aprova-modelo-de-desestatizacao-de-ferrovia-do-porto-de-santos","status":"publish","type":"post","link":"https:\/\/www.sincomam.org.br\/index.php\/tcu-aprova-modelo-de-desestatizacao-de-ferrovia-do-porto-de-santos\/","title":{"rendered":"TCU aprova modelo de desestatiza\u00e7\u00e3o de ferrovia do Porto de Santos"},"content":{"rendered":"<p>O Tribunal de Contas da Uni\u00e3o (TCU) aprovou ontem (6) o modelo de desestatiza\u00e7\u00e3o da Ferrovia Interna do Porto de Santos (Fips), informou a Santos Port Authority (SPA), empresa estatal que administra o porto do litoral paulista.<\/p>\n<p>A proposta de privatiza\u00e7\u00e3o havia sido enviada pela SPA em janeiro e prev\u00ea investimentos de no m\u00ednimo de R$ 891 milh\u00f5es pelos pr\u00f3ximos cinco anos, de modo a aumentar a capacidade de circula\u00e7\u00e3o de mercadorias dentro do porto.<\/p>\n<p>De acordo com a estatal, a capacidade ferrovi\u00e1ria anual no complexo portu\u00e1rio est\u00e1 perto da satura\u00e7\u00e3o, sendo limitada hoje a 50 milh\u00f5es de toneladas. A proje\u00e7\u00e3o \u00e9 que a demanda chegue a 115 milh\u00f5es de toneladas nos pr\u00f3ximos 5 a 10 anos.<\/p>\n<p>Com a aprova\u00e7\u00e3o pelo TCU, o pr\u00f3ximo passo \u00e9 a realiza\u00e7\u00e3o de um chamamento p\u00fablico e posterior assinatura de contrato, o que pode ocorrer ainda neste ano. Segundo a estatal, tal contrato ser\u00e1 do tipo associativo, que prev\u00ea o compartilhamento de custos e das opera\u00e7\u00f5es entre os habilitados.<\/p>\n<p>\u201cOs investimentos previstos separar\u00e3o os cruzamentos rodoferrovi\u00e1rios e garantir\u00e3o fluidez ao escoamento por trens, ampliando a efici\u00eancia da opera\u00e7\u00e3o\u201d, disse a SPA por meio de nota. Uma das principais obras previstas \u00e9 a constru\u00e7\u00e3o de uma \u201cpera\u201d ferrovi\u00e1ria, estrutura que permite o retorno de comboios sem a necessidade de desacoplamento.<\/p>\n<p>Sem as obras necess\u00e1rias, os trens na regi\u00e3o interna do porto necessitam realizar manobras que levam horas e drenam a efici\u00eancia do sistema, afirma a SPA.<\/p>\n<p>Fonte: Ag\u00eancia Brasil<\/p>\n","protected":false},"excerpt":{"rendered":"<p>O Tribunal de Contas da Uni\u00e3o (TCU) aprovou ontem (6) o modelo de desestatiza\u00e7\u00e3o da Ferrovia Interna do Porto de Santos (Fips), informou a Santos&#8230;<\/p>\n","protected":false},"author":1527,"featured_media":40235,"comment_status":"closed","ping_status":"closed","sticky":false,"template":"","format":"standard","meta":{"footnotes":""},"categories":[6],"tags":[],"class_list":["post-40234","post","type-post","status-publish","format-standard","has-post-thumbnail","hentry","category-noticias"],"_links":{"self":[{"href":"https:\/\/www.sincomam.org.br\/index.php\/wp-json\/wp\/v2\/posts\/40234","targetHints":{"allow":["GET"]}}],"collection":[{"href":"https:\/\/www.sincomam.org.br\/index.php\/wp-json\/wp\/v2\/posts"}],"about":[{"href":"https:\/\/www.sincomam.org.br\/index.php\/wp-json\/wp\/v2\/types\/post"}],"author":[{"embeddable":true,"href":"https:\/\/www.sincomam.org.br\/index.php\/wp-json\/wp\/v2\/users\/1527"}],"replies":[{"embeddable":true,"href":"https:\/\/www.sincomam.org.br\/index.php\/wp-json\/wp\/v2\/comments?post=40234"}],"version-history":[{"count":1,"href":"https:\/\/www.sincomam.org.br\/index.php\/wp-json\/wp\/v2\/posts\/40234\/revisions"}],"predecessor-version":[{"id":40236,"href":"https:\/\/www.sincomam.org.br\/index.php\/wp-json\/wp\/v2\/posts\/40234\/revisions\/40236"}],"wp:featuredmedia":[{"embeddable":true,"href":"https:\/\/www.sincomam.org.br\/index.php\/wp-json\/wp\/v2\/media\/40235"}],"wp:attachment":[{"href":"https:\/\/www.sincomam.org.br\/index.php\/wp-json\/wp\/v2\/media?parent=40234"}],"wp:term":[{"taxonomy":"category","embeddable":true,"href":"https:\/\/www.sincomam.org.br\/index.php\/wp-json\/wp\/v2\/categories?post=40234"},{"taxonomy":"post_tag","embeddable":true,"href":"https:\/\/www.sincomam.org.br\/index.php\/wp-json\/wp\/v2\/tags?post=40234"}],"curies":[{"name":"wp","href":"https:\/\/api.w.org\/{rel}","templated":true}]}}