{"id":40231,"date":"2022-07-08T09:40:23","date_gmt":"2022-07-08T12:40:23","guid":{"rendered":"http:\/\/www.sincomam.org.br\/?p=40231"},"modified":"2022-07-08T09:40:23","modified_gmt":"2022-07-08T12:40:23","slug":"94a-procissao-maritima-de-sao-pedro-e-realizada-em-vitoria-es","status":"publish","type":"post","link":"https:\/\/www.sincomam.org.br\/index.php\/94a-procissao-maritima-de-sao-pedro-e-realizada-em-vitoria-es\/","title":{"rendered":"94\u00aa \u201cProciss\u00e3o Mar\u00edtima de S\u00e3o Pedro\u201d \u00e9 realizada em Vit\u00f3ria (ES)"},"content":{"rendered":"<p>A Capitania dos Portos do Esp\u00edrito Santo (CPES) apoiou, em 3 de julho, a 94\u00aa \u201cProciss\u00e3o Mar\u00edtima de S\u00e3o Pedro\u201d, em homenagem ao Santo Padroeiro dos pescadores, coordenado pela Col\u00f4nia de Pescadores da Praia do Su\u00e1, percorrendo o Canal de Vit\u00f3ria e finalizando com a \u201cBen\u00e7\u00e3o do Anzol\u201d na Pra\u00e7a do Papa, no munic\u00edpio de Vit\u00f3ria (ES).<\/p>\n<p>Durante a semana do evento, os militares da CPES inspecionaram a embarca\u00e7\u00e3o de pesca \u201cMar de Abrolhos\u201d, respons\u00e1vel por transportar a imagem do padroeiro, bem como as demais embarca\u00e7\u00f5es participantes da prociss\u00e3o no dia da festividade, marco cultural local, mantendo o controle do tr\u00e1fego e o cord\u00e3o de isolamento n\u00e1utico, orientando e fiscalizando os condutores quanto ao cumprimento das Normas da Autoridade Mar\u00edtima.<\/p>\n<p>A Banda da Escola de Aprendizes-Marinheiros do Esp\u00edrito Santo participou do cortejo pelas ruas de Vit\u00f3ria, acompanhada de militares da CPES, ap\u00f3s a missa realizada na Par\u00f3quia S\u00e3o Pedro, at\u00e9 a sede da Capitania, de onde partiu a prociss\u00e3o. No trajeto pelo Canal de Vit\u00f3ria, a embarca\u00e7\u00e3o com o Santo Padroeiro aben\u00e7oou tamb\u00e9m os navios da Esquadra atracados no Porto de Vit\u00f3ria, que fazem parte da Opera\u00e7\u00e3o \u201cAderex-Anf\u00edbio 2022\u201d, contando com os aplausos e a participa\u00e7\u00e3o atenta do p\u00fablico que realizava visita\u00e7\u00e3o aos navios.<\/p>\n<p>Fonte: Defesa em Foco<\/p>\n","protected":false},"excerpt":{"rendered":"<p>A Capitania dos Portos do Esp\u00edrito Santo (CPES) apoiou, em 3 de julho, a 94\u00aa \u201cProciss\u00e3o Mar\u00edtima de S\u00e3o Pedro\u201d, em homenagem ao Santo Padroeiro&#8230;<\/p>\n","protected":false},"author":1527,"featured_media":40232,"comment_status":"closed","ping_status":"closed","sticky":false,"template":"","format":"standard","meta":{"footnotes":""},"categories":[6],"tags":[],"class_list":["post-40231","post","type-post","status-publish","format-standard","has-post-thumbnail","hentry","category-noticias"],"_links":{"self":[{"href":"https:\/\/www.sincomam.org.br\/index.php\/wp-json\/wp\/v2\/posts\/40231","targetHints":{"allow":["GET"]}}],"collection":[{"href":"https:\/\/www.sincomam.org.br\/index.php\/wp-json\/wp\/v2\/posts"}],"about":[{"href":"https:\/\/www.sincomam.org.br\/index.php\/wp-json\/wp\/v2\/types\/post"}],"author":[{"embeddable":true,"href":"https:\/\/www.sincomam.org.br\/index.php\/wp-json\/wp\/v2\/users\/1527"}],"replies":[{"embeddable":true,"href":"https:\/\/www.sincomam.org.br\/index.php\/wp-json\/wp\/v2\/comments?post=40231"}],"version-history":[{"count":1,"href":"https:\/\/www.sincomam.org.br\/index.php\/wp-json\/wp\/v2\/posts\/40231\/revisions"}],"predecessor-version":[{"id":40233,"href":"https:\/\/www.sincomam.org.br\/index.php\/wp-json\/wp\/v2\/posts\/40231\/revisions\/40233"}],"wp:featuredmedia":[{"embeddable":true,"href":"https:\/\/www.sincomam.org.br\/index.php\/wp-json\/wp\/v2\/media\/40232"}],"wp:attachment":[{"href":"https:\/\/www.sincomam.org.br\/index.php\/wp-json\/wp\/v2\/media?parent=40231"}],"wp:term":[{"taxonomy":"category","embeddable":true,"href":"https:\/\/www.sincomam.org.br\/index.php\/wp-json\/wp\/v2\/categories?post=40231"},{"taxonomy":"post_tag","embeddable":true,"href":"https:\/\/www.sincomam.org.br\/index.php\/wp-json\/wp\/v2\/tags?post=40231"}],"curies":[{"name":"wp","href":"https:\/\/api.w.org\/{rel}","templated":true}]}}