{"id":40221,"date":"2022-07-07T10:38:33","date_gmt":"2022-07-07T13:38:33","guid":{"rendered":"http:\/\/www.sincomam.org.br\/?p=40221"},"modified":"2022-07-07T10:38:33","modified_gmt":"2022-07-07T13:38:33","slug":"porto-itapoa-inaugura-laboratorio-de-aprendizagem-profissional","status":"publish","type":"post","link":"https:\/\/www.sincomam.org.br\/index.php\/porto-itapoa-inaugura-laboratorio-de-aprendizagem-profissional\/","title":{"rendered":"PORTO ITAPO\u00c1 INAUGURA LABORAT\u00d3RIO DE APRENDIZAGEM PROFISSIONAL"},"content":{"rendered":"<p>O Porto Itapo\u00e1 vai contar com um novo laborat\u00f3rio para aprendizagem profissional. Focada em manuten\u00e7\u00e3o mec\u00e2nica, a estrutura ter\u00e1 apoio t\u00e9cnico dos professores do SENAI (Servi\u00e7o Nacional de Aprendizagem Industrial). A inaugura\u00e7\u00e3o ocorreu nesta quarta-feira (5\/7).<\/p>\n<p>Um dos docentes da institui\u00e7\u00e3o que ministra o curso, Leandro Lenschow, leciona h\u00e1 tr\u00eas anos no  SENAI. O professor lembrou que, atualmente, os alunos precisam se deslocar para o campus da institui\u00e7\u00e3o em Joinville para as aulas pr\u00e1ticas. \u201c\u00c9 uma grande conquista para n\u00f3s e que vai trazer um ganho para os alunos\u201d.<\/p>\n<p>Com a nova estrutura, a rela\u00e7\u00e3o entre aulas te\u00f3ricas e atividades pr\u00e1ticas fica muito mais pr\u00f3xima. \u201c\u00c9 muito importante para otimizar a aprendizagem do aluno\u201d, completou Lenschow, que possui forma\u00e7\u00e3o em Fabrica\u00e7\u00e3o Mec\u00e2nica, p\u00f3s-gradua\u00e7\u00e3o em administra\u00e7\u00e3o escolar e MBA em gerenciamento de projetos.<\/p>\n<p>A primeira classe a utilizar a nova estrutura ser\u00e1 a turma de mec\u00e2nica industrial, iniciada em dezembro do ano passado. Entretanto, a partir de agora todos os novos colaboradores aprendizes deste segmento poder\u00e3o fazer as aulas pr\u00e1ticas em Itapo\u00e1.<\/p>\n<p>O diretor de Opera\u00e7\u00f5es, Meio Ambiente e Tecnologia do Porto Itapo\u00e1, Sergni Pessoa Rosa J\u00fanior, salientou a chegada dessa expertise para o munic\u00edpio. \u201cN\u00f3s procuramos fazer nossa parte para construir um futuro melhor para Itapo\u00e1\u201d, disse Rosa J\u00fanior.<\/p>\n<p>O executivo ressaltou a import\u00e2ncia dos profissionais e de uma boa forma\u00e7\u00e3o para a empresa, mas tamb\u00e9m para a comunidade. \u201cO Porto Itapo\u00e1 est\u00e1 onde est\u00e1 hoje por causa das pessoas, ent\u00e3o para n\u00f3s \u00e9 muito gratificante poder investir em pessoas\u201d, completou.<\/p>\n<p>Tamb\u00e9m estiveram presentes na inaugura\u00e7\u00e3o Juliana de Oliveira Xavier, coordenadora de Desenvolvimento de Pessoas, Samuel Medeiros da Silva, gerente de Engenharia e Infraestrutura, Humberto Farkas, supervisor de Manuten\u00e7\u00e3o Mec\u00e2nica, e Roney Cordeiro dos Santos, supervisor de Manuten\u00e7\u00e3o Eletr\u00f4nica.<\/p>\n<p>Fonte: Informativo dos Portos<\/p>\n","protected":false},"excerpt":{"rendered":"<p>O Porto Itapo\u00e1 vai contar com um novo laborat\u00f3rio para aprendizagem profissional. Focada em manuten\u00e7\u00e3o mec\u00e2nica, a estrutura ter\u00e1 apoio t\u00e9cnico dos professores do SENAI&#8230;<\/p>\n","protected":false},"author":1527,"featured_media":40222,"comment_status":"closed","ping_status":"closed","sticky":false,"template":"","format":"standard","meta":{"footnotes":""},"categories":[6],"tags":[],"class_list":["post-40221","post","type-post","status-publish","format-standard","has-post-thumbnail","hentry","category-noticias"],"_links":{"self":[{"href":"https:\/\/www.sincomam.org.br\/index.php\/wp-json\/wp\/v2\/posts\/40221","targetHints":{"allow":["GET"]}}],"collection":[{"href":"https:\/\/www.sincomam.org.br\/index.php\/wp-json\/wp\/v2\/posts"}],"about":[{"href":"https:\/\/www.sincomam.org.br\/index.php\/wp-json\/wp\/v2\/types\/post"}],"author":[{"embeddable":true,"href":"https:\/\/www.sincomam.org.br\/index.php\/wp-json\/wp\/v2\/users\/1527"}],"replies":[{"embeddable":true,"href":"https:\/\/www.sincomam.org.br\/index.php\/wp-json\/wp\/v2\/comments?post=40221"}],"version-history":[{"count":1,"href":"https:\/\/www.sincomam.org.br\/index.php\/wp-json\/wp\/v2\/posts\/40221\/revisions"}],"predecessor-version":[{"id":40223,"href":"https:\/\/www.sincomam.org.br\/index.php\/wp-json\/wp\/v2\/posts\/40221\/revisions\/40223"}],"wp:featuredmedia":[{"embeddable":true,"href":"https:\/\/www.sincomam.org.br\/index.php\/wp-json\/wp\/v2\/media\/40222"}],"wp:attachment":[{"href":"https:\/\/www.sincomam.org.br\/index.php\/wp-json\/wp\/v2\/media?parent=40221"}],"wp:term":[{"taxonomy":"category","embeddable":true,"href":"https:\/\/www.sincomam.org.br\/index.php\/wp-json\/wp\/v2\/categories?post=40221"},{"taxonomy":"post_tag","embeddable":true,"href":"https:\/\/www.sincomam.org.br\/index.php\/wp-json\/wp\/v2\/tags?post=40221"}],"curies":[{"name":"wp","href":"https:\/\/api.w.org\/{rel}","templated":true}]}}