{"id":40191,"date":"2022-07-06T10:46:18","date_gmt":"2022-07-06T13:46:18","guid":{"rendered":"http:\/\/www.sincomam.org.br\/?p=40191"},"modified":"2022-07-06T10:46:18","modified_gmt":"2022-07-06T13:46:18","slug":"senac-oferece-vagas-para-cursos-profissionalizantes-no-rio-de-janeiro","status":"publish","type":"post","link":"https:\/\/www.sincomam.org.br\/index.php\/senac-oferece-vagas-para-cursos-profissionalizantes-no-rio-de-janeiro\/","title":{"rendered":"Senac oferece vagas para cursos profissionalizantes no Rio de Janeiro"},"content":{"rendered":"<p>O Servi\u00e7o Nacional de Aprendizagem Comercial do Rio de Janeiro (Senac RJ) est\u00e1 com <a href=\"http:\/\/psg.rj.senac.br\/\">inscri\u00e7\u00f5es abertas<\/a> para cerca de 8 mil vagas em cursos profissionalizantes em v\u00e1rias unidades no estado, por meio do Programa Senac de Gratuidade. At\u00e9 o final do ano, o n\u00famero de vagas poder\u00e1 alcan\u00e7ar 11 mil, disse o coordenador da \u00c1rea de Responsabilidade Social do Senac RJ, Alessandro Oliveira. N\u00e3o h\u00e1 data limite para as inscri\u00e7\u00f5es.<\/p>\n<p>H\u00e1 oportunidades em cursos presenciais ministrados na capital fluminense e nos munic\u00edpios de Angra dos Reis, Barra do Pira\u00ed, Barra Mansa, Cabo Frio, Campos dos Goytacazes, Duque de Caxias, Maca\u00e9, Niter\u00f3i, Nova Friburgo, Nova Igua\u00e7u, Petr\u00f3polis, Resende, Rio das Ostras, Santo Ant\u00f4nio de P\u00e1dua, S\u00e3o Jo\u00e3o de Meriti, Teres\u00f3polis, Tr\u00eas Rios e Volta Redonda.<\/p>\n<p>Os cursos oferecidos s\u00e3o nas \u00e1reas de gastronomia, turismo, moda, beleza, sa\u00fade e bem-estar, gest\u00e3o, log\u00edstica, design, audiovisual, entre outros, e podem ser na modalidade de forma\u00e7\u00e3o inicial, com capacita\u00e7\u00f5es mais r\u00e1pidas, e de especializa\u00e7\u00f5es t\u00e9cnicas.<\/p>\n<p>\u201cAs ofertas de vagas s\u00e3o org\u00e2nicas e ocorrem todos os dias no site. A previs\u00e3o \u00e9 que, at\u00e9 dezembro, sejam 11 mil vagas no total ou novas vagas.. \u00c9 importante que a pessoa acompanhe diariamente para ver as novas ofertas ou o curso em que tenha interesse\u201d, recomendou o coordenador.<\/p>\n<p><strong>Baixa renda<\/strong><br \/>\nPara se candidatar, deve ser preenchido um formul\u00e1rio, dispon\u00edvel no site, definindo o curso escolhido e a unidade do Senac RJ. Tamb\u00e9m devem ser informados dados pessoais e de renda e condi\u00e7\u00e3o de aluno matriculado ou egresso da educa\u00e7\u00e3o b\u00e1sica e trabalhador empregado ou desempregado. \u00c9 preciso ter renda familiar per capita, isto \u00e9, por indiv\u00edduo, de at\u00e9 dois sal\u00e1rios-m\u00ednimos federais, destacou o coordenador.<\/p>\n<p>Ao ser selecionado, o candidato deve se dirigir at\u00e9 a unidade do Senac RJ escolhida para fazer a matr\u00edcula, apresentando c\u00f3pias da carteira de identidade (RG), Cadastro de Pessoa F\u00edsica (CPF) e comprovante de resid\u00eancia. O regulamento est\u00e1 dispon\u00edvel <a href=\"https:\/\/psg.rj.senac.br\/Documentos\/NovoRegulamento.pdf?v=1\">no site<\/a>. N\u00e3o h\u00e1 limite para participa\u00e7\u00e3o por faixa et\u00e1ria, \u201cnem idade m\u00ednima, nem m\u00e1xima\u201d.<\/p>\n<p>Uma vez selecionado, o candidato pode come\u00e7ar imediatamente o curso. \u201cEle \u00e9 informado do dia que come\u00e7am as aulas e j\u00e1 \u00e9 um aluno nosso\u201d.<\/p>\n<p>Os cursos de forma\u00e7\u00e3o inicial t\u00eam dura\u00e7\u00e3o de dois a tr\u00eas meses. J\u00e1 os cursos t\u00e9cnicos s\u00e3o mais longos e se estendem por cerca de um ano e tr\u00eas meses a um ano e quatro meses. Todos os cursos oferecidos s\u00e3o presenciais e gratuitos. Os cursos t\u00e9cnicos s\u00e3o desenvolvidos de segunda a sexta-feira, enquanto os iniciais t\u00eam aulas entre duas e tr\u00eas vezes por semana, podendo tamb\u00e9m ser aos s\u00e1bados.<\/p>\n<p><strong>Inser\u00e7\u00e3o<\/strong><br \/>\nO Programa Senac de Gratuidade \u00e9 voltado para a inser\u00e7\u00e3o de pessoas de baixa renda no mercado de trabalho, \u201cpara que elas possam aprimorar seus conhecimentos t\u00e9cnicos. A gama de ofertas de cursos visa que eles possam ser desenvolvidos e ter acesso a essas forma\u00e7\u00f5es profissionais\u201d, informou.<\/p>\n<p>O prpgrama foi criado em 2006, a partir de um acordo firmado pelo Senac com o governo federal, no qual se comprometeu a devolver uma parte do seu compuls\u00f3rio em cursos gratuitos para as pessoas da sociedade que se enquadrem na situa\u00e7\u00e3o de baixa renda.<\/p>\n<p>Estima-se que, at\u00e9 o momento, mais de 20 mil pessoas tenham se formado em diferentes cursos. H\u00e1 76 anos, o Senac RJ atua na profissionaliza\u00e7\u00e3o de m\u00e3o de obra para o setor do com\u00e9rcio de bens, servi\u00e7os e turismo no estado do Rio de Janeiro. A institui\u00e7\u00e3o de ensino investe em inclus\u00e3o social por meio de capacita\u00e7\u00e3o para o mercado de trabalho e \u00e9 reconhecida como refer\u00eancia na oferta de cursos profissionalizantes.<\/p>\n<p><strong>Turismo<\/strong><br \/>\nCriada em parceria com o Senac RJ e a Secretaria Municipal de Turismo, a Escola Carioca de Turismo vai oferecer mais de 3.700 vagas no programa de forma\u00e7\u00e3o profissional gratuita para trabalhadores do setor, com cursos de idiomas, hospitalidade, servi\u00e7os, entre outros.<\/p>\n<p>As inscri\u00e7\u00f5es s\u00e3o feitas pela internet, <a href=\"https:\/\/turismo.prefeitura.rio\/escola-carioca-de-turismo\/\">no site<\/a>. Para cursos de capacita\u00e7\u00e3o, o candidato deve ser maior de 18 anos e ter ensino fundamental completo. J\u00e1 para os cursos de qualifica\u00e7\u00e3o, o pr\u00e9-requisito \u00e9 a forma\u00e7\u00e3o pr\u00e9via na \u00e1rea.<\/p>\n<p>O in\u00edcio das turmas est\u00e1 previsto para agosto pr\u00f3ximo, com aulas presenciais nas unidades do Senac RJ em Madureira, Botafogo, Barra da Tijuca, Copacabana, Campo Grande e Centro Polit\u00e9cnico Riachuelo.<\/p>\n<p>Fonte: Ag\u00eancia Brasil<\/p>\n","protected":false},"excerpt":{"rendered":"<p>O Servi\u00e7o Nacional de Aprendizagem Comercial do Rio de Janeiro (Senac RJ) est\u00e1 com inscri\u00e7\u00f5es abertas para cerca de 8 mil vagas em cursos profissionalizantes&#8230;<\/p>\n","protected":false},"author":1527,"featured_media":40192,"comment_status":"closed","ping_status":"closed","sticky":false,"template":"","format":"standard","meta":{"footnotes":""},"categories":[6],"tags":[],"class_list":["post-40191","post","type-post","status-publish","format-standard","has-post-thumbnail","hentry","category-noticias"],"_links":{"self":[{"href":"https:\/\/www.sincomam.org.br\/index.php\/wp-json\/wp\/v2\/posts\/40191","targetHints":{"allow":["GET"]}}],"collection":[{"href":"https:\/\/www.sincomam.org.br\/index.php\/wp-json\/wp\/v2\/posts"}],"about":[{"href":"https:\/\/www.sincomam.org.br\/index.php\/wp-json\/wp\/v2\/types\/post"}],"author":[{"embeddable":true,"href":"https:\/\/www.sincomam.org.br\/index.php\/wp-json\/wp\/v2\/users\/1527"}],"replies":[{"embeddable":true,"href":"https:\/\/www.sincomam.org.br\/index.php\/wp-json\/wp\/v2\/comments?post=40191"}],"version-history":[{"count":1,"href":"https:\/\/www.sincomam.org.br\/index.php\/wp-json\/wp\/v2\/posts\/40191\/revisions"}],"predecessor-version":[{"id":40193,"href":"https:\/\/www.sincomam.org.br\/index.php\/wp-json\/wp\/v2\/posts\/40191\/revisions\/40193"}],"wp:featuredmedia":[{"embeddable":true,"href":"https:\/\/www.sincomam.org.br\/index.php\/wp-json\/wp\/v2\/media\/40192"}],"wp:attachment":[{"href":"https:\/\/www.sincomam.org.br\/index.php\/wp-json\/wp\/v2\/media?parent=40191"}],"wp:term":[{"taxonomy":"category","embeddable":true,"href":"https:\/\/www.sincomam.org.br\/index.php\/wp-json\/wp\/v2\/categories?post=40191"},{"taxonomy":"post_tag","embeddable":true,"href":"https:\/\/www.sincomam.org.br\/index.php\/wp-json\/wp\/v2\/tags?post=40191"}],"curies":[{"name":"wp","href":"https:\/\/api.w.org\/{rel}","templated":true}]}}