{"id":40144,"date":"2022-07-04T01:37:38","date_gmt":"2022-07-04T04:37:38","guid":{"rendered":"http:\/\/www.sincomam.org.br\/?p=40144"},"modified":"2022-07-04T01:37:38","modified_gmt":"2022-07-04T04:37:38","slug":"acordo-de-cooperacao-tecnica-entre-a-marinha-e-a-universidade-de-sao-paulo-e-renovado-por-mais-5-anos","status":"publish","type":"post","link":"https:\/\/www.sincomam.org.br\/index.php\/acordo-de-cooperacao-tecnica-entre-a-marinha-e-a-universidade-de-sao-paulo-e-renovado-por-mais-5-anos\/","title":{"rendered":"Acordo de Coopera\u00e7\u00e3o T\u00e9cnica entre a Marinha e a Universidade de S\u00e3o Paulo \u00e9 renovado por mais 5 anos"},"content":{"rendered":"<p>Nesta \u00faltima quinta-feira (30), foi assinado na Reitoria da Universidade de S\u00e3o Paulo (USP) o termo de renova\u00e7\u00e3o, por mais cinco anos, do Acordo de Coopera\u00e7\u00e3o T\u00e9cnica entre a Marinha do Brasil (MB), representada pelo Diretor de Ensino da Marinha, Vice-Almirante Sergio Fernando de Amaral Chaves J\u00fanior, e a USP, representada pelo Magn\u00edfico Reitor, Prof. Dr. Carlos Gilberto Carlotti Jr.<\/p>\n<p>Entre no canal do Defesa em Foco no Telegram e fique por dentro de todas as not\u00edcias do dia<\/p>\n<p>A parceria da Universidade com a Marinha completou recentemente 66 anos e resultou na cria\u00e7\u00e3o do primeiro curso de Engenharia Naval do Pa\u00eds, oferecido pela Escola Polit\u00e9cnica da USP. As atividades s\u00e3o conduzidas pelo Centro de Coordena\u00e7\u00e3o de Estudos da Marinha em S\u00e3o Paulo (CCEMSP).<\/p>\n<p>Em pouco mais de seis d\u00e9cadas, foram quase 500 Oficiais Engenheiros formados. Em 2026, a Marinha tamb\u00e9m ser\u00e1 representada, por ocasi\u00e3o da primeira turma de formandos em Engenharia Nuclear. A renova\u00e7\u00e3o do Acordo de Coopera\u00e7\u00e3o T\u00e9cnica representa a confian\u00e7a e a credibilidade desta parceria, que garante a excel\u00eancia na forma\u00e7\u00e3o dos futuros Engenheiros Navais.<\/p>\n<p>Fonte: Defesa em Foco<\/p>\n","protected":false},"excerpt":{"rendered":"<p>Nesta \u00faltima quinta-feira (30), foi assinado na Reitoria da Universidade de S\u00e3o Paulo (USP) o termo de renova\u00e7\u00e3o, por mais cinco anos, do Acordo de&#8230;<\/p>\n","protected":false},"author":1527,"featured_media":40145,"comment_status":"closed","ping_status":"closed","sticky":false,"template":"","format":"standard","meta":{"footnotes":""},"categories":[6],"tags":[],"class_list":["post-40144","post","type-post","status-publish","format-standard","has-post-thumbnail","hentry","category-noticias"],"_links":{"self":[{"href":"https:\/\/www.sincomam.org.br\/index.php\/wp-json\/wp\/v2\/posts\/40144","targetHints":{"allow":["GET"]}}],"collection":[{"href":"https:\/\/www.sincomam.org.br\/index.php\/wp-json\/wp\/v2\/posts"}],"about":[{"href":"https:\/\/www.sincomam.org.br\/index.php\/wp-json\/wp\/v2\/types\/post"}],"author":[{"embeddable":true,"href":"https:\/\/www.sincomam.org.br\/index.php\/wp-json\/wp\/v2\/users\/1527"}],"replies":[{"embeddable":true,"href":"https:\/\/www.sincomam.org.br\/index.php\/wp-json\/wp\/v2\/comments?post=40144"}],"version-history":[{"count":1,"href":"https:\/\/www.sincomam.org.br\/index.php\/wp-json\/wp\/v2\/posts\/40144\/revisions"}],"predecessor-version":[{"id":40146,"href":"https:\/\/www.sincomam.org.br\/index.php\/wp-json\/wp\/v2\/posts\/40144\/revisions\/40146"}],"wp:featuredmedia":[{"embeddable":true,"href":"https:\/\/www.sincomam.org.br\/index.php\/wp-json\/wp\/v2\/media\/40145"}],"wp:attachment":[{"href":"https:\/\/www.sincomam.org.br\/index.php\/wp-json\/wp\/v2\/media?parent=40144"}],"wp:term":[{"taxonomy":"category","embeddable":true,"href":"https:\/\/www.sincomam.org.br\/index.php\/wp-json\/wp\/v2\/categories?post=40144"},{"taxonomy":"post_tag","embeddable":true,"href":"https:\/\/www.sincomam.org.br\/index.php\/wp-json\/wp\/v2\/tags?post=40144"}],"curies":[{"name":"wp","href":"https:\/\/api.w.org\/{rel}","templated":true}]}}