{"id":40100,"date":"2022-06-30T09:40:27","date_gmt":"2022-06-30T12:40:27","guid":{"rendered":"http:\/\/www.sincomam.org.br\/?p=40100"},"modified":"2022-06-30T09:40:27","modified_gmt":"2022-06-30T12:40:27","slug":"brasil-amplia-dominio-da-america-latina-nos-embarques-de-commodities","status":"publish","type":"post","link":"https:\/\/www.sincomam.org.br\/index.php\/brasil-amplia-dominio-da-america-latina-nos-embarques-de-commodities\/","title":{"rendered":"Brasil amplia dom\u00ednio da Am\u00e9rica Latina nos embarques de commodities"},"content":{"rendered":"<p>Com peso decisivo do Brasil, a Am\u00e9rica Latina dever\u00e1 refor\u00e7ar sua posi\u00e7\u00e3o de maior exportador global de commodities agr\u00edcolas nos pr\u00f3ximos dez anos, apontam a Ag\u00eancia das Na\u00e7\u00f5es Unidas para Agricultura e Alimenta\u00e7\u00e3o (FAO e a Organiza\u00e7\u00e3o para Coopera\u00e7\u00e3o e Desenvolvimento Econ\u00f4mico (OCDE) em relat\u00f3rio sobre as perspectivas agr\u00edcolas 2022-2031 publicado nesta quarta-feira (29\/6).<\/p>\n<p>At\u00e9 2031, a Am\u00e9rica Latina poder\u00e1 responder por 61% das exporta\u00e7\u00f5es globais de soja, 59% de a\u00e7\u00facar, 45% de carne de pescado, 43% de milho, 40% de carne bovina e \u00f3leos de pescado, 32% de carne de frango e 25% de etanol. Nesse per\u00edodo, a produ\u00e7\u00e3o agr\u00edcola na regi\u00e3o dever\u00e1 crescer 14%.<\/p>\n<p>Na \u00faltima d\u00e9cada, o super\u00e1vit comercial da Am\u00e9rica Latina quase dobrou, e a participa\u00e7\u00e3o da regi\u00e3o nas exporta\u00e7\u00f5es agr\u00edcolas globais cresceu para 17%. Agora, as duas organiza\u00e7\u00f5es calculam que o super\u00e1vit comercial latino-americano crescer\u00e1 28%, elevando para 18% sua fatia do com\u00e9rcio agr\u00edcola internacional.<\/p>\n<p>Essa desacelera\u00e7\u00e3o reflete o desempenho do ritmo de embarques do Brasil, que representa mais da metade das exporta\u00e7\u00f5es da regi\u00e3o. O aumento das vendas externas brasileiras deve ficar abaixo dos 6% ao ano da \u00faltima d\u00e9cada, mas, ainda assim, ficar\u00e1 bem acima dos 2% ao ano esperados para o M\u00e9xico e outros pa\u00edses da regi\u00e3o.<\/p>\n<p>As exporta\u00e7\u00f5es l\u00edquidas da Am\u00e9rica do Norte dever\u00e3o crescer 10% nos pr\u00f3ximos dez anos, abaixo do ritmo da Am\u00e9rica Latina, por causa da expans\u00e3o mais lenta da produ\u00e7\u00e3o. Os embarques de milho e soja, que tiveram forte aumento na d\u00e9cada passada, devem se estagnar nos pr\u00f3ximos dez anos na Am\u00e9rica do Norte.<\/p>\n<p>Na pr\u00f3xima d\u00e9cada, as exporta\u00e7\u00f5es l\u00edquidas da Europa e da \u00c1sia Central poder\u00e3o quase dobrar, a depender dos desdobramentos da guerra entre Ucr\u00e2nia e R\u00fassia.<\/p>\n<p>Importa\u00e7\u00f5es<br \/>\nA China, que mais do que dobrou suas compras agr\u00edcolas nos \u00faltimos dez anos, continuar\u00e1 a ser o maior importador. Mas, at\u00e9 2031, o ritmo de expans\u00e3o das importa\u00e7\u00f5es de alguns produtos pode diminuir, na esteira de crescimento da popula\u00e7\u00e3o mais lento, da quase satura\u00e7\u00e3o no consumo de algumas commodities e do aumento da produ\u00e7\u00e3o dom\u00e9stica. Importadores como Paquist\u00e3o, Ir\u00e3 e da \u00c1sia menos desenvolvidas continuar\u00e3o comprando muitos alimentos do exterior.<\/p>\n<p>Globalmente, a demanda por commodities agr\u00edcolas (inclusive para usos n\u00e3o-aliment\u00edcios) dever\u00e1 crescer 1,1% ao ano na pr\u00f3xima d\u00e9cada, bem abaixo do crescimento m\u00e9dio da \u00faltima d\u00e9cada, de 2% ao ano. Isso ocorre principalmente com a desacelera\u00e7\u00e3o do crescimento da demanda na China (0,6% ao ano em compara\u00e7\u00e3o; na \u00faltima d\u00e9cada, ele foi de 2,3% ao ano) e outros emergentes, e na demanda global por biocombust\u00edveis.<\/p>\n<p>A maior parte da demanda adicional por alimentos continuar\u00e1 a vir de pa\u00edses de renda baixa e m\u00e9dia. J\u00e1 nos pa\u00edses de alta renda, o lento crescimento populacional e a satura\u00e7\u00e3o no consumo per capita de v\u00e1rias commodities limitar\u00e3o o avan\u00e7o da demanda. FAO e OCDE projetam que a popula\u00e7\u00e3o global ser\u00e1 de 8,6 bilh\u00f5es de pessoas em 2031. No ano passado, a popula\u00e7\u00e3o chegou a 7,8 bilh\u00f5es.<\/p>\n<p>Para a maioria das commodities, com exce\u00e7\u00e3o de latic\u00ednios, o aumento da demanda per capita durante os pr\u00f3ximos dez anos ser\u00e1 limitado. O aumento da popula\u00e7\u00e3o puxar\u00e1 a expans\u00e3o da demanda adicional, que vir\u00e1 de regi\u00f5es com alto crescimento populacional &#8211; \u00c1frica Subsaariana, Sul da \u00c1sia, Oriente Pr\u00f3ximo, e Norte da \u00c1frica.<\/p>\n<p>Cereais e peixe<br \/>\nPara cereais e peixe, a expans\u00e3o da demanda global ocorrer\u00e1 em ritmo que corresponder\u00e1 a cerca de metade do ritmo da \u00faltima d\u00e9cada, enquanto, para vegetais, o aumento corresponder\u00e1 a apenas um ter\u00e7o do crescimento dos \u00faltimos dez anos. O \u00f3leo vegetal foi o produto de crescimento mais r\u00e1pido na \u00faltima d\u00e9cada &#8211; em parte, o aumento foi impulsionado por pol\u00edticas de biocombust\u00edveis. Para a pr\u00f3xima d\u00e9cada, o crescimento da demanda ser\u00e1 limitado pela estagna\u00e7\u00e3o do consumo de biodiesel nos Estados Unidos e na Uni\u00e3o Europeia, os dois principais mercados.<\/p>\n<p>Nesse cen\u00e1rio, o com\u00e9rcio agr\u00edcola mundial deve continuar a aumentar durante a pr\u00f3xima d\u00e9cada. No entanto, em linha com a expans\u00e3o mais lenta na demanda e na produ\u00e7\u00e3o, o avan\u00e7o ocorrer\u00e1 em ritmo significativamente menor do que nos \u00faltimos dez anos.<\/p>\n<p>Al\u00e9m disso, as proje\u00e7\u00f5es da FAO e da OCDE levam em conta o impacto decrescente da liberaliza\u00e7\u00e3o comercial que impulsionou as exporta\u00e7\u00f5es agr\u00edcolas nos \u00faltimos dez anos. As organiza\u00e7\u00f5es notam que, hoje, os esfor\u00e7os para reduzir as tarifas multilaterais e as reformas para reduzir subs\u00eddios que distorcem o com\u00e9rcio est\u00e3o paralisados.<\/p>\n<p>O volume de com\u00e9rcio de algumas commodities, incluindo soja, milho e carne de porco, cresceu fortemente durante o \u00faltimo ano.<\/p>\n<p>Durante a pr\u00f3xima d\u00e9cada, a maior taxa de crescimento dever\u00e1 ser a do arroz, que crescer\u00e1 2,5% ao ano, segundo FAO e OCDE. V\u00e1rias commodities ter\u00e3o avan\u00e7o inferior a 1% ao ano &#8211; entre elas soja, \u00f3leo vegetal, ovinos, carne de aves e pescado &#8211; ou mesmo queda, como no caso de biocombust\u00edveis e carne su\u00edna.<\/p>\n<p>Fonte: Valor<\/p>\n","protected":false},"excerpt":{"rendered":"<p>Com peso decisivo do Brasil, a Am\u00e9rica Latina dever\u00e1 refor\u00e7ar sua posi\u00e7\u00e3o de maior exportador global de commodities agr\u00edcolas nos pr\u00f3ximos dez anos, apontam a&#8230;<\/p>\n","protected":false},"author":1527,"featured_media":40101,"comment_status":"closed","ping_status":"closed","sticky":false,"template":"","format":"standard","meta":{"footnotes":""},"categories":[6],"tags":[],"class_list":["post-40100","post","type-post","status-publish","format-standard","has-post-thumbnail","hentry","category-noticias"],"_links":{"self":[{"href":"https:\/\/www.sincomam.org.br\/index.php\/wp-json\/wp\/v2\/posts\/40100","targetHints":{"allow":["GET"]}}],"collection":[{"href":"https:\/\/www.sincomam.org.br\/index.php\/wp-json\/wp\/v2\/posts"}],"about":[{"href":"https:\/\/www.sincomam.org.br\/index.php\/wp-json\/wp\/v2\/types\/post"}],"author":[{"embeddable":true,"href":"https:\/\/www.sincomam.org.br\/index.php\/wp-json\/wp\/v2\/users\/1527"}],"replies":[{"embeddable":true,"href":"https:\/\/www.sincomam.org.br\/index.php\/wp-json\/wp\/v2\/comments?post=40100"}],"version-history":[{"count":1,"href":"https:\/\/www.sincomam.org.br\/index.php\/wp-json\/wp\/v2\/posts\/40100\/revisions"}],"predecessor-version":[{"id":40102,"href":"https:\/\/www.sincomam.org.br\/index.php\/wp-json\/wp\/v2\/posts\/40100\/revisions\/40102"}],"wp:featuredmedia":[{"embeddable":true,"href":"https:\/\/www.sincomam.org.br\/index.php\/wp-json\/wp\/v2\/media\/40101"}],"wp:attachment":[{"href":"https:\/\/www.sincomam.org.br\/index.php\/wp-json\/wp\/v2\/media?parent=40100"}],"wp:term":[{"taxonomy":"category","embeddable":true,"href":"https:\/\/www.sincomam.org.br\/index.php\/wp-json\/wp\/v2\/categories?post=40100"},{"taxonomy":"post_tag","embeddable":true,"href":"https:\/\/www.sincomam.org.br\/index.php\/wp-json\/wp\/v2\/tags?post=40100"}],"curies":[{"name":"wp","href":"https:\/\/api.w.org\/{rel}","templated":true}]}}