{"id":40085,"date":"2022-06-30T09:28:13","date_gmt":"2022-06-30T12:28:13","guid":{"rendered":"http:\/\/www.sincomam.org.br\/?p=40085"},"modified":"2022-06-30T09:28:13","modified_gmt":"2022-06-30T12:28:13","slug":"porto-de-paranagua-recebe-embarcacao-da-marinha-para-atividade-de-formacao-do-exercito-brasileiro","status":"publish","type":"post","link":"https:\/\/www.sincomam.org.br\/index.php\/porto-de-paranagua-recebe-embarcacao-da-marinha-para-atividade-de-formacao-do-exercito-brasileiro\/","title":{"rendered":"PORTO DE PARANAGU\u00c1 RECEBE EMBARCA\u00c7\u00c3O DA MARINHA PARA ATIVIDADE DE FORMA\u00c7\u00c3O DO EX\u00c9RCITO BRASILEIRO"},"content":{"rendered":"<p>O navio balizador \u201cFaroleiro Mario Seixas\u201d, da Marinha do Brasil, atracou no Porto de Paranagu\u00e1. No terminal paranaense 40 militares, entre alunos e instrutores do curso de forma\u00e7\u00e3o de reservistas do Ex\u00e9rcito Brasileiro, embarcam e seguem para dois dias de atividades de instru\u00e7\u00e3o.<\/p>\n<p>A embarca\u00e7\u00e3o \u00e9 pequena: mede 35,5 metros de comprimento (loa), 6,7 metros de largura (boca) e opera com calado de 3,8 metros. Apesar do tamanho, o navio conta com todo o apoio operacional da autoridade portu\u00e1ria paranaense.<\/p>\n<p>\u201c\u00c9 como qualquer embarca\u00e7\u00e3o. Temos que programar e conciliar essa atividade militar \u00e0s opera\u00e7\u00f5es comuns do porto\u201d, explica o diretor de Opera\u00e7\u00f5es da Portos do Paran\u00e1, Luiz Teixeira da Silva J\u00fanior.<\/p>\n<p>O navio est\u00e1 atracado no ber\u00e7o 206, que geralmente \u00e9 utilizado para exporta\u00e7\u00e3o e importa\u00e7\u00e3o de gran\u00e9is s\u00f3lidos. \u201cComo temos um cais bastante din\u00e2mico, nas janelas em que n\u00e3o temos navios operando conseguimos encaixar esses casos extraordin\u00e1rios\u201d, diz.<\/p>\n<p>PROGRAMA\u00c7\u00c3O \u2013 A passagem pelo porto ser\u00e1 breve. Assim que os militares embarcarem o navio zarpa para a instru\u00e7\u00e3o. As atividades encerram na sexta-feira (1\/7). A embarca\u00e7\u00e3o retorna e atraca por volta das 11h, para o desembarque dos militares, e parte \u00e0s 13h do mesmo dia.<\/p>\n<p>Como explica a Marinha do Brasil, Navio Balizador \u00e9 uma embarca\u00e7\u00e3o respons\u00e1vel por servi\u00e7os de sinaliza\u00e7\u00e3o n\u00e1utica. \u201cTais como lan\u00e7amento e recolhimento de boias e balizas e apoio a reparos em far\u00f3is, a fim de contribuir para a seguran\u00e7a da navega\u00e7\u00e3o\u201d, explica o capit\u00e3o Rodrigo Teles.<\/p>\n<p>Sediada atualmente em Paranagu\u00e1 mesmo, a embarca\u00e7\u00e3o conta com uma tripula\u00e7\u00e3o de 19 militares. Nessa atividade de hoje, serve de apoio ao N\u00facleo de Prepara\u00e7\u00e3o de Oficiais da Reserva do 20\u2070 Batalh\u00e3o de Infantaria Blindado.<\/p>\n<p>\u201cNa sequ\u00eancia, o navio demandar\u00e1 o porto de Itaja\u00ed, numa comiss\u00e3o para o Adestramento do Comandante Nomeado, que assumir\u00e1 o Comando do Mario Seixas em meados de julho\u201d, diz Teles.<\/p>\n<p>Como ainda explica o Capit\u00e3o, Mario Seixas dos Santos \u2013 quem d\u00e1 nome \u00e0 embarca\u00e7\u00e3o \u2013 foi um funcion\u00e1rio p\u00fablico, agente de atividades mar\u00edtimas fluviais, que se destacou em mais de 40 anos de carreira prestando servi\u00e7os relevantes de vigil\u00e2ncia durante a II Guerra Mundial.<\/p>\n<p>Fonte: Informativo dos Portos<\/p>\n","protected":false},"excerpt":{"rendered":"<p>O navio balizador \u201cFaroleiro Mario Seixas\u201d, da Marinha do Brasil, atracou no Porto de Paranagu\u00e1. No terminal paranaense 40 militares, entre alunos e instrutores do&#8230;<\/p>\n","protected":false},"author":1527,"featured_media":40086,"comment_status":"closed","ping_status":"closed","sticky":false,"template":"","format":"standard","meta":{"footnotes":""},"categories":[6],"tags":[],"class_list":["post-40085","post","type-post","status-publish","format-standard","has-post-thumbnail","hentry","category-noticias"],"_links":{"self":[{"href":"https:\/\/www.sincomam.org.br\/index.php\/wp-json\/wp\/v2\/posts\/40085","targetHints":{"allow":["GET"]}}],"collection":[{"href":"https:\/\/www.sincomam.org.br\/index.php\/wp-json\/wp\/v2\/posts"}],"about":[{"href":"https:\/\/www.sincomam.org.br\/index.php\/wp-json\/wp\/v2\/types\/post"}],"author":[{"embeddable":true,"href":"https:\/\/www.sincomam.org.br\/index.php\/wp-json\/wp\/v2\/users\/1527"}],"replies":[{"embeddable":true,"href":"https:\/\/www.sincomam.org.br\/index.php\/wp-json\/wp\/v2\/comments?post=40085"}],"version-history":[{"count":1,"href":"https:\/\/www.sincomam.org.br\/index.php\/wp-json\/wp\/v2\/posts\/40085\/revisions"}],"predecessor-version":[{"id":40087,"href":"https:\/\/www.sincomam.org.br\/index.php\/wp-json\/wp\/v2\/posts\/40085\/revisions\/40087"}],"wp:featuredmedia":[{"embeddable":true,"href":"https:\/\/www.sincomam.org.br\/index.php\/wp-json\/wp\/v2\/media\/40086"}],"wp:attachment":[{"href":"https:\/\/www.sincomam.org.br\/index.php\/wp-json\/wp\/v2\/media?parent=40085"}],"wp:term":[{"taxonomy":"category","embeddable":true,"href":"https:\/\/www.sincomam.org.br\/index.php\/wp-json\/wp\/v2\/categories?post=40085"},{"taxonomy":"post_tag","embeddable":true,"href":"https:\/\/www.sincomam.org.br\/index.php\/wp-json\/wp\/v2\/tags?post=40085"}],"curies":[{"name":"wp","href":"https:\/\/api.w.org\/{rel}","templated":true}]}}