{"id":40056,"date":"2022-06-28T01:03:42","date_gmt":"2022-06-28T04:03:42","guid":{"rendered":"http:\/\/www.sincomam.org.br\/?p=40056"},"modified":"2022-06-28T01:03:42","modified_gmt":"2022-06-28T04:03:42","slug":"trabalhadores-vao-poder-sacar-o-fgts-em-julho-veja-quem-tem-direito","status":"publish","type":"post","link":"https:\/\/www.sincomam.org.br\/index.php\/trabalhadores-vao-poder-sacar-o-fgts-em-julho-veja-quem-tem-direito\/","title":{"rendered":"Trabalhadores v\u00e3o poder sacar o FGTS em julho. Veja quem tem direito"},"content":{"rendered":"<p>Os trabalhadores v\u00e3o poder sacar o FGTS (Fundo de Garantia do Tempo de Servi\u00e7o) no m\u00eas de julho. Para isso, ser\u00e1 necess\u00e1rio ter aderido ao saque-anivers\u00e1rio.<\/p>\n<p>A ades\u00e3o ao Saque-Anivers\u00e1rio \u00e9 opcional. Sendo assim, se voc\u00ea n\u00e3o escolher a modalidade continuar\u00e1 tendo direito ao Saque-Rescis\u00e3o. Por\u00e9m, antes de voc\u00ea optar pelo Saque-Anivers\u00e1rio \u00e9 preciso conhecer as regras de cada modalidade.<\/p>\n<p><strong>Saque-Rescis\u00e3o<\/strong><br \/>\nTodo trabalhador com carteira assinada ao ser demitido sem justa causa, tem direito ao saque integral da conta do FGTS, incluindo a multa rescis\u00f3ria de 40%, quando devida. Trata-se da modalidade padr\u00e3o em que o trabalhador ingressa no Fundo de Garantia do Tempo de Servi\u00e7o (FGTS).<\/p>\n<p><strong>Saque-Anivers\u00e1rio<\/strong><br \/>\nO trabalhador pode ou n\u00e3o aderir a modalidade, ao optar passar\u00e1 a ter direito anualmente, no m\u00eas de anivers\u00e1rio, sacar parte do seu saldo de FGTS. Se nesse per\u00edodo ele for demitido, poder\u00e1 sacar apenas o valor referente \u00e0 multa rescis\u00f3ria e n\u00e3o poder\u00e1 sacar o valor integral da conta.<\/p>\n<p>Para receber o pagamento no mesmo ano, o benefici\u00e1rio precisa fazer a op\u00e7\u00e3o at\u00e9 o \u00faltimo dia do m\u00eas de anivers\u00e1rio. Ou seja, quem nasceu em 23 de junho tem at\u00e9 o dia 30 para optar pela modalidade e receber parte do saldo dispon\u00edvel no FGTS ainda em 2022.<\/p>\n<p>O saque poder\u00e1 ser realizado at\u00e9 o \u00faltimo dia \u00fatil do segundo m\u00eas subsequente ao da aquisi\u00e7\u00e3o do direito de saque. Se voc\u00ea nasceu em julho tem at\u00e9 o dia 30 de setembro deste ano para sacar o dinheiro.<\/p>\n<p>Caso o saque n\u00e3o seja realizado at\u00e9 a data limite, ele volta automaticamente para a conta no FGTS.<\/p>\n<p><strong>Posso desistir do Saque-Anivers\u00e1rio?<\/strong><strong><br \/>\nO trabalhador que optar pelo Saque-Anivers\u00e1rio do FGTS poder\u00e1, por meio do aplicativo do FGTS, solicitar o retorno \u00e0 modalidade Saque-Rescis\u00e3o, desde que n\u00e3o haja opera\u00e7\u00e3o de antecipa\u00e7\u00e3o contratada. Mas o retorno n\u00e3o ser\u00e1 r\u00e1pido, de acordo com a Lei 8.036\/90, Art. 20-C,\u00a71\u00ba, inciso I, a mudan\u00e7a s\u00f3 ter\u00e1 efeito a partir do primeiro dia do 25\u00ba m\u00eas ap\u00f3s a data da solicita\u00e7\u00e3o de retorno.<\/p>\n<p>Quanto posso receber no Saque-Anivers\u00e1rio?<br \/>\nO valor do saque anual nessa modalidade \u00e9 determinado pela aplica\u00e7\u00e3o de uma al\u00edquota, que varia de 5% a 50% sobre a soma de todos os saldos das contas do FGTS do trabalhador, acrescida de uma parcela adicional. <\/p>\n<p>Vamos imaginar que voc\u00ea tenha R$ 1 mil no FGTS, vai poder solicitar o saque-anivers\u00e1rio, recebendo R$ 400,00 (al\u00edquota de 40%) acrescido de R$ 50,00 (parcela adicional), totalizando R$ 450,00.<\/p>\n<p><strong>Antecipa\u00e7\u00e3o do Saque-Anivers\u00e1rio do FGTS<\/strong><br \/>\nA antecipa\u00e7\u00e3o do Saque-Anivers\u00e1rio \u00e9 uma forma que o trabalhador tem para contratar empr\u00e9stimo junto \u00e0s institui\u00e7\u00f5es financeiras habilitadas, utilizando como garantia o valor a que fazem jus anualmente.<\/p>\n<p>Atrav\u00e9s do aplicativo do FGTS, voc\u00ea vai poder simular o valor m\u00e1ximo de empr\u00e9stimo que pode ser contratado junto \u00e0s institui\u00e7\u00f5es financeiras, tendo como garantia o Saque-Anivers\u00e1rio.<\/p>\n<p>Para voc\u00ea realizar uma simula\u00e7\u00e3o de empr\u00e9stimo, n\u00e3o precisa realizar a op\u00e7\u00e3o pr\u00e9via pelo Saque-Anivers\u00e1rio do FGTS.<\/p>\n<p>Saldo bloqueado<br \/>\nNeste caso, voc\u00ea precisa ficar atento aos detalhes das regras de antecipa\u00e7\u00e3o do saque-anivers\u00e1rio. Isso porque ao contratar um empr\u00e9stimo com uma institui\u00e7\u00e3o financeira habilitada e utilizar como garantia o saque-anivers\u00e1rio, a legisla\u00e7\u00e3o determina que seja realizado o bloqueio do saldo da sua conta no Fundo de Garantia do Tempo de Servi\u00e7o (FGTS) em valor suficiente para que, quando aplicada a al\u00edquota (de 5% a 50%) sobre a soma de todos os saldos das contas do FGTS, acrescida a parcela adicional, exista dispon\u00edvel o valor equivalente \u00e0 antecipa\u00e7\u00e3o realizada.<\/p>\n<p>Na verdade, o que \u00e9 bloqueado no saldo do FGTS do trabalhador para outras movimenta\u00e7\u00f5es n\u00e3o \u00e9 o valor que ele pegou emprestado, mas sim o valor que representa a base de c\u00e1lculo para se chegar no valor efetivamente emprestado.<\/p>\n<p>Fonte: Jornal Cont\u00e1bil<\/p>\n","protected":false},"excerpt":{"rendered":"<p>Os trabalhadores v\u00e3o poder sacar o FGTS (Fundo de Garantia do Tempo de Servi\u00e7o) no m\u00eas de julho. Para isso, ser\u00e1 necess\u00e1rio ter aderido ao&#8230;<\/p>\n","protected":false},"author":1527,"featured_media":38666,"comment_status":"closed","ping_status":"closed","sticky":false,"template":"","format":"standard","meta":{"footnotes":""},"categories":[6],"tags":[],"class_list":["post-40056","post","type-post","status-publish","format-standard","has-post-thumbnail","hentry","category-noticias"],"_links":{"self":[{"href":"https:\/\/www.sincomam.org.br\/index.php\/wp-json\/wp\/v2\/posts\/40056","targetHints":{"allow":["GET"]}}],"collection":[{"href":"https:\/\/www.sincomam.org.br\/index.php\/wp-json\/wp\/v2\/posts"}],"about":[{"href":"https:\/\/www.sincomam.org.br\/index.php\/wp-json\/wp\/v2\/types\/post"}],"author":[{"embeddable":true,"href":"https:\/\/www.sincomam.org.br\/index.php\/wp-json\/wp\/v2\/users\/1527"}],"replies":[{"embeddable":true,"href":"https:\/\/www.sincomam.org.br\/index.php\/wp-json\/wp\/v2\/comments?post=40056"}],"version-history":[{"count":1,"href":"https:\/\/www.sincomam.org.br\/index.php\/wp-json\/wp\/v2\/posts\/40056\/revisions"}],"predecessor-version":[{"id":40057,"href":"https:\/\/www.sincomam.org.br\/index.php\/wp-json\/wp\/v2\/posts\/40056\/revisions\/40057"}],"wp:featuredmedia":[{"embeddable":true,"href":"https:\/\/www.sincomam.org.br\/index.php\/wp-json\/wp\/v2\/media\/38666"}],"wp:attachment":[{"href":"https:\/\/www.sincomam.org.br\/index.php\/wp-json\/wp\/v2\/media?parent=40056"}],"wp:term":[{"taxonomy":"category","embeddable":true,"href":"https:\/\/www.sincomam.org.br\/index.php\/wp-json\/wp\/v2\/categories?post=40056"},{"taxonomy":"post_tag","embeddable":true,"href":"https:\/\/www.sincomam.org.br\/index.php\/wp-json\/wp\/v2\/tags?post=40056"}],"curies":[{"name":"wp","href":"https:\/\/api.w.org\/{rel}","templated":true}]}}