{"id":40050,"date":"2022-06-28T00:56:47","date_gmt":"2022-06-28T03:56:47","guid":{"rendered":"http:\/\/www.sincomam.org.br\/?p=40050"},"modified":"2022-06-28T00:56:47","modified_gmt":"2022-06-28T03:56:47","slug":"ans-suspende-temporariamente-comercializacao-de-70-planos-de-saude","status":"publish","type":"post","link":"https:\/\/www.sincomam.org.br\/index.php\/ans-suspende-temporariamente-comercializacao-de-70-planos-de-saude\/","title":{"rendered":"ANS suspende temporariamente comercializa\u00e7\u00e3o de 70 planos de sa\u00fade"},"content":{"rendered":"<p>A Ag\u00eancia Nacional de Sa\u00fade Suplementar (ANS) anunciou, nesta segunda-feira (27), a suspens\u00e3o tempor\u00e1ria da comercializa\u00e7\u00e3o de 70 planos de sa\u00fade de oito operadoras, por causa de reclama\u00e7\u00f5es sobre cobertura assistencial. A venda fica proibida a partir da quinta-feira (30) e s\u00f3 poder\u00e1 ser retomada quando as operadoras apresentarem melhora no desempenho assistencial.<\/p>\n<p>Segundo a ANS, os usu\u00e1rios atuais dos planos suspensos n\u00e3o ser\u00e3o prejudicados e poder\u00e3o usufruir do servi\u00e7o normalmente.<\/p>\n<p>A suspens\u00e3o da venda \u00e9 resultado do Monitoramento da Garantia de Atendimento, que acompanha o acesso dos usu\u00e1rios de planos de sa\u00fade \u00e0s coberturas contratadas. A ANS analisa as reclama\u00e7\u00f5es sobre descumprimento dos prazos m\u00e1ximos para realiza\u00e7\u00e3o de consultas, exames e cirurgias, ou negativa de cobertura assistencial.<\/p>\n<p>No primeiro trimestre deste ano, entre os dias 1\u00ba de janeiro e 31 de mar\u00e7o, foram analisadas 37.512 reclama\u00e7\u00f5es. Os resultados do monitoramento s\u00e3o divulgados trimestralmente.<\/p>\n<p>Os planos de sa\u00fade que deixam de apresentar risco \u00e0 assist\u00eancia \u00e0 sa\u00fade s\u00e3o liberados para retomar a comercializa\u00e7\u00e3o. Al\u00e9m dos que tiveram a comercializa\u00e7\u00e3o suspensa, a ANS informou que quatro planos de tr\u00eas operadoras poder\u00e3o ser vendidos novamente.<\/p>\n<p>A lista completa dos planos suspensos e dos que tiveram a comercializa\u00e7\u00e3o liberada est\u00e1 <a href=\"https:\/\/www.gov.br\/ans\/pt-br\/assuntos\/noticias\/beneficiario\/ans-suspende-a-comercializacao-de-70-planos-de-saude\">em nota da ANS<\/a>.<\/p>\n<p>Fonte: Ag\u00eancia Brasil<\/p>\n","protected":false},"excerpt":{"rendered":"<p>A Ag\u00eancia Nacional de Sa\u00fade Suplementar (ANS) anunciou, nesta segunda-feira (27), a suspens\u00e3o tempor\u00e1ria da comercializa\u00e7\u00e3o de 70 planos de sa\u00fade de oito operadoras, por&#8230;<\/p>\n","protected":false},"author":1527,"featured_media":40051,"comment_status":"closed","ping_status":"closed","sticky":false,"template":"","format":"standard","meta":{"footnotes":""},"categories":[6],"tags":[],"class_list":["post-40050","post","type-post","status-publish","format-standard","has-post-thumbnail","hentry","category-noticias"],"_links":{"self":[{"href":"https:\/\/www.sincomam.org.br\/index.php\/wp-json\/wp\/v2\/posts\/40050","targetHints":{"allow":["GET"]}}],"collection":[{"href":"https:\/\/www.sincomam.org.br\/index.php\/wp-json\/wp\/v2\/posts"}],"about":[{"href":"https:\/\/www.sincomam.org.br\/index.php\/wp-json\/wp\/v2\/types\/post"}],"author":[{"embeddable":true,"href":"https:\/\/www.sincomam.org.br\/index.php\/wp-json\/wp\/v2\/users\/1527"}],"replies":[{"embeddable":true,"href":"https:\/\/www.sincomam.org.br\/index.php\/wp-json\/wp\/v2\/comments?post=40050"}],"version-history":[{"count":1,"href":"https:\/\/www.sincomam.org.br\/index.php\/wp-json\/wp\/v2\/posts\/40050\/revisions"}],"predecessor-version":[{"id":40052,"href":"https:\/\/www.sincomam.org.br\/index.php\/wp-json\/wp\/v2\/posts\/40050\/revisions\/40052"}],"wp:featuredmedia":[{"embeddable":true,"href":"https:\/\/www.sincomam.org.br\/index.php\/wp-json\/wp\/v2\/media\/40051"}],"wp:attachment":[{"href":"https:\/\/www.sincomam.org.br\/index.php\/wp-json\/wp\/v2\/media?parent=40050"}],"wp:term":[{"taxonomy":"category","embeddable":true,"href":"https:\/\/www.sincomam.org.br\/index.php\/wp-json\/wp\/v2\/categories?post=40050"},{"taxonomy":"post_tag","embeddable":true,"href":"https:\/\/www.sincomam.org.br\/index.php\/wp-json\/wp\/v2\/tags?post=40050"}],"curies":[{"name":"wp","href":"https:\/\/api.w.org\/{rel}","templated":true}]}}