{"id":4005,"date":"2014-03-06T08:02:23","date_gmt":"2014-03-06T11:02:23","guid":{"rendered":"http:\/\/www.sincomam.org.br\/?p=4005"},"modified":"2014-03-06T08:32:51","modified_gmt":"2014-03-06T11:32:51","slug":"rio-acumula-lixo-nas-ruas-apos-carnaval-com-greve-de-garis","status":"publish","type":"post","link":"https:\/\/www.sincomam.org.br\/index.php\/rio-acumula-lixo-nas-ruas-apos-carnaval-com-greve-de-garis\/","title":{"rendered":"Rio acumula lixo nas ruas ap\u00f3s Carnaval com greve de garis"},"content":{"rendered":"<p><b><i>Ruas est\u00e3o cobertas de lixo depois de desfiles e festas de mais de 400 blocos<\/i><\/b><\/p>\n<p>A greve de garis iniciada no Carnaval no Rio de Janeiro, principal destino de foli\u00f5es brasileiros e estrangeiros no pa\u00eds, transformou a paisagem da cidade em um lix\u00e3o a c\u00e9u aberto, com as ruas cobertas de lixo depois de desfiles e da festa de mais de 400 blocos.<\/p>\n<p>A paralisa\u00e7\u00e3o come\u00e7ou no fim de semana e ainda h\u00e1 garis que n\u00e3o retornaram ao trabalho. A faxina para recolher as toneladas de lixo espalhadas pela capital fluminense deve durar tr\u00eas dias, e s\u00f3 depois a cidade deve voltar ao normal, segundo a Companhia Municipal de Limpeza Urbana (Comlurb).<\/p>\n<p>O lixo se acumulou pelas ruas e avenidas, nas praias da zona sul e em diversos pontos tur\u00edsticos. No samb\u00f3dromo, onde ocorrem os principais desfiles das escolas de samba do pa\u00eds, o lixo tamb\u00e9m se acumulou nas arquibancadas.<\/p>\n<p>Cerca de 900 mil turistas eram esperados para passar o Carnaval na cidade, que vai receber a final da Copa do Mundo em julho e os Jogos Ol\u00edmpicos de 2016.<\/p>\n<p>&#8220;Estamos trabalhando para normalizar a nossa opera\u00e7\u00e3o e a partir desse momento, em tr\u00eas dias, conseguimos voltar com a cidade dentro da sua normalidade total&#8221;, disse o presidente da Comlurb, Vinicius Roriz.<\/p>\n<p>At\u00e9 a normaliza\u00e7\u00e3o das opera\u00e7\u00f5es, a popula\u00e7\u00e3o vai ter que conviver com o lixo e o cheiro de urina deixados pelos foli\u00f5es do Carnaval 2014.<\/p>\n<p>Fonte: Exame.com<\/p>\n","protected":false},"excerpt":{"rendered":"<p>Ruas est\u00e3o cobertas de lixo depois de desfiles e festas de mais de 400 blocos A greve de garis iniciada no Carnaval no Rio de&#8230;<\/p>\n","protected":false},"author":1182,"featured_media":4006,"comment_status":"closed","ping_status":"closed","sticky":false,"template":"","format":"standard","meta":{"footnotes":""},"categories":[6],"tags":[649,244,648,59],"class_list":["post-4005","post","type-post","status-publish","format-standard","has-post-thumbnail","hentry","category-noticias","tag-garis","tag-greve","tag-lixo","tag-rio-de-janeiro"],"_links":{"self":[{"href":"https:\/\/www.sincomam.org.br\/index.php\/wp-json\/wp\/v2\/posts\/4005","targetHints":{"allow":["GET"]}}],"collection":[{"href":"https:\/\/www.sincomam.org.br\/index.php\/wp-json\/wp\/v2\/posts"}],"about":[{"href":"https:\/\/www.sincomam.org.br\/index.php\/wp-json\/wp\/v2\/types\/post"}],"author":[{"embeddable":true,"href":"https:\/\/www.sincomam.org.br\/index.php\/wp-json\/wp\/v2\/users\/1182"}],"replies":[{"embeddable":true,"href":"https:\/\/www.sincomam.org.br\/index.php\/wp-json\/wp\/v2\/comments?post=4005"}],"version-history":[{"count":1,"href":"https:\/\/www.sincomam.org.br\/index.php\/wp-json\/wp\/v2\/posts\/4005\/revisions"}],"predecessor-version":[{"id":4007,"href":"https:\/\/www.sincomam.org.br\/index.php\/wp-json\/wp\/v2\/posts\/4005\/revisions\/4007"}],"wp:featuredmedia":[{"embeddable":true,"href":"https:\/\/www.sincomam.org.br\/index.php\/wp-json\/wp\/v2\/media\/4006"}],"wp:attachment":[{"href":"https:\/\/www.sincomam.org.br\/index.php\/wp-json\/wp\/v2\/media?parent=4005"}],"wp:term":[{"taxonomy":"category","embeddable":true,"href":"https:\/\/www.sincomam.org.br\/index.php\/wp-json\/wp\/v2\/categories?post=4005"},{"taxonomy":"post_tag","embeddable":true,"href":"https:\/\/www.sincomam.org.br\/index.php\/wp-json\/wp\/v2\/tags?post=4005"}],"curies":[{"name":"wp","href":"https:\/\/api.w.org\/{rel}","templated":true}]}}