{"id":40003,"date":"2022-06-27T01:50:39","date_gmt":"2022-06-27T04:50:39","guid":{"rendered":"http:\/\/www.sincomam.org.br\/?p=40003"},"modified":"2022-06-27T01:50:39","modified_gmt":"2022-06-27T04:50:39","slug":"pelo-terceiro-ano-seguido-governo-federal-premia-destaques-no-setor-portuario","status":"publish","type":"post","link":"https:\/\/www.sincomam.org.br\/index.php\/pelo-terceiro-ano-seguido-governo-federal-premia-destaques-no-setor-portuario\/","title":{"rendered":"PELO TERCEIRO ANO SEGUIDO, GOVERNO FEDERAL PREMIA DESTAQUES NO SETOR PORTU\u00c1RIO"},"content":{"rendered":"<p>Autoridades portu\u00e1rias e gestores de terminais tiveram seus trabalhos e suas gest\u00f5es reconhecidos pelo Minist\u00e9rio da Infraestrutura durante a terceira edi\u00e7\u00e3o do Pr\u00eamio Portos + Brasil. A cerim\u00f4nia que marcou o reconhecimento \u00e0 excel\u00eancia de todo o setor ocorreu na noite desta quinta-feira (23), em cerim\u00f4nia realizada no Clube Naval, em Bras\u00edlia.<\/p>\n<p>A iniciativa \u00e9 da Secretaria Nacional de Portos e Transportes Aquavi\u00e1rios (SNPTA\/MInfra), que criou a premia\u00e7\u00e3o em 2020 como forma de avaliar o setor. O principal objetivo da premia\u00e7\u00e3o \u00e9 estimular a busca permanente de excel\u00eancia na gest\u00e3o dos portos p\u00fablicos do Brasil.  Para este ano, a novidade \u00e9 a cria\u00e7\u00e3o da categoria Avan\u00e7o IGAP, que mostra os desempenhos do \u00cdndice de Gest\u00e3o da Autoridade Portu\u00e1ria (Igap).<\/p>\n<p>Em 2018, os portos organizados tiveram um preju\u00edzo de quase R$ 1 bilh\u00e3o. Por\u00e9m, com a profissionaliza\u00e7\u00e3o da gest\u00e3o e aplica\u00e7\u00e3o de pr\u00e1ticas mais pr\u00f3ximas de mercado, foi poss\u00edvel reverter o resultado para R$ 350 milh\u00f5es de super\u00e1vit. \u201cGest\u00e3o \u00e9 a palavra-chave do Minist\u00e9rio da infraestrutura. \u00c9 um minist\u00e9rio com uma pegada quase empresarial, corporativa\u201d, afirmou o secret\u00e1rio-executivo bruno Eust\u00e1quio.<\/p>\n<p>\u201cA boa gest\u00e3o tem car\u00e1ter sist\u00eamico. Estamos comemorando a premia\u00e7\u00e3o da meritocracia, das boas pr\u00e1ticas de governan\u00e7a e de transpar\u00eancia. Os portos s\u00e3o a solu\u00e7\u00e3o de grande parte dos problemas do pa\u00eds, que estamos e resolvendo as demandas com altivez, resili\u00eancia, trabalho e conseguindo reagir aos gargalos provocados pela epidemia\u201d, disse o secret\u00e1rio nacional de Portos e Transportes Aquavi\u00e1rios, M\u00e1rio Povia.<\/p>\n<p><strong>Premiados<\/strong><\/p>\n<p>Os portos organizados s\u00e3o avaliados em \u00e1reas que apontam as melhores pr\u00e1ticas de gest\u00e3o e consequentemente, melhores resultados. As nove categorias e os respectivos vencedores foram:<\/p>\n<p><strong>\u2013 Execu\u00e7\u00e3o de investimentos planejados<\/strong><\/p>\n<p>1\u00ba \u2013 Complexo Portu\u00e1rio de Suape (PE)<br \/>\n2\u00ba \u2013 Porto do Itaqui \u2013 Emap (MA)<br \/>\n3\u00ba \u2013 Administra\u00e7\u00e3o dos Portos de Paranagu\u00e1 e Antonina (APPA)<\/p>\n<p><strong>\u2013 Varia\u00e7\u00e3o do Lucro Operacional (EBITDA)<\/strong><\/p>\n<p>1\u00ba \u2013 Companhia das Docas do Estado da Bahia (Codeba)<br \/>\n2\u00ba \u2013 Administra\u00e7\u00e3o dos Portos de Paranagu\u00e1 e Antonina (APPA)<br \/>\n3\u00ba \u2013 Porto do Itaqui \u2013 Emap (MA)<\/p>\n<p><strong>\u2013 Ranking do \u00cdndice de Gest\u00e3o da Autoridade Portu\u00e1ria (IGAP)<\/strong><\/p>\n<p>1\u00ba \u2013 Porto do Itaqui \u2013 Emap (MA) e Administra\u00e7\u00e3o dos Portos de Paranagu\u00e1 e Antonina (APPA)<br \/>\n2\u00ba \u2013 Complexo Portu\u00e1rio de Suape (PE)<br \/>\n3\u00ba \u2013 Santos Port Authority (SPA) e Companhia Docas do Par\u00e1 (CDP)<\/p>\n<p><strong>\u2013 Crescimento da movimenta\u00e7\u00e3o \u2013 Portos P\u00fablicos<\/strong><\/p>\n<p>1\u00ba \u2013 Companhia Docas de Santana \u2013 CDSA (AP)<br \/>\n2\u00ba \u2013 Porto do Itaqui \u2013 Emap (MA)<br \/>\n3\u00ba \u2013 Companhia Docas do Esp\u00edrito Santo (Codesa)<\/p>\n<p><strong>\u2013 Crescimento da movimenta\u00e7\u00e3o TUP<\/strong><\/p>\n<p><strong>Granel S\u00f3lido Agr\u00edcola<\/strong><br \/>\n1\u00ba \u2013 Terminais Portu\u00e1rios Fronteira Norte \u2013 Terfron (PA)<br \/>\n2\u00ba \u2013 Terminal Bianchini de Rio Grande (TUP-TERBIAN)<br \/>\n3\u00ba \u2013 Terminal Portu\u00e1rio Bunge Alimentos<\/p>\n<p><strong>Granel S\u00f3lido Mineral<\/strong><br \/>\n1\u00ba \u2013 Porto de Tubar\u00e3o (ES)<br \/>\n2\u00ba \u2013 Terminal da Ilha Gua\u00edba (Mangaratiba\/RJ)<br \/>\n3\u00ba \u2013 Terminal Portu\u00e1rio de Pec\u00e9m (CE)<\/p>\n<p><strong>Granel L\u00edquido<\/strong><br \/>\n1\u00ba \u2013 Terminal Portu\u00e1rio de Pec\u00e9m (CE)<br \/>\n2\u00ba \u2013 Terminal de GNL \u2013 Ba\u00eda de Guanabara (RJ)<br \/>\n3\u00ba \u2013 Terminal Aquavi\u00e1rio de Barra do Riacho (ES)<\/p>\n<p><strong>Container<\/strong><br \/>\n1\u00ba \u2013 Terminal Portu\u00e1rio de Navegantes \u2013 Portonave (SC)<br \/>\n2\u00ba \u2013 Terminal Santa Clara (Rio Grande\/RS)<br \/>\n3\u00ba \u2013 Super Terminais Com\u00e9rcio e Industria (Manaus\/AM)<\/p>\n<p><strong>\u2013 Avan\u00e7o IGAP<\/strong><\/p>\n<p>1\u00ba \u2013 Sociedade de Portos e Hidrovias do Estado de Rond\u00f4nia \u2013 SOPH (RO)<br \/>\n2\u00ba \u2013 Companhia Docas do Rio Grande do Norte (Codern)<br \/>\n3\u00ba \u2013 Companhia Docas do Rio de Janeiro (CDRJ)<\/p>\n<p>Fonte: Portos e Navios<\/p>\n","protected":false},"excerpt":{"rendered":"<p>Autoridades portu\u00e1rias e gestores de terminais tiveram seus trabalhos e suas gest\u00f5es reconhecidos pelo Minist\u00e9rio da Infraestrutura durante a terceira edi\u00e7\u00e3o do Pr\u00eamio Portos +&#8230;<\/p>\n","protected":false},"author":1527,"featured_media":40004,"comment_status":"closed","ping_status":"closed","sticky":false,"template":"","format":"standard","meta":{"footnotes":""},"categories":[6],"tags":[],"class_list":["post-40003","post","type-post","status-publish","format-standard","has-post-thumbnail","hentry","category-noticias"],"_links":{"self":[{"href":"https:\/\/www.sincomam.org.br\/index.php\/wp-json\/wp\/v2\/posts\/40003","targetHints":{"allow":["GET"]}}],"collection":[{"href":"https:\/\/www.sincomam.org.br\/index.php\/wp-json\/wp\/v2\/posts"}],"about":[{"href":"https:\/\/www.sincomam.org.br\/index.php\/wp-json\/wp\/v2\/types\/post"}],"author":[{"embeddable":true,"href":"https:\/\/www.sincomam.org.br\/index.php\/wp-json\/wp\/v2\/users\/1527"}],"replies":[{"embeddable":true,"href":"https:\/\/www.sincomam.org.br\/index.php\/wp-json\/wp\/v2\/comments?post=40003"}],"version-history":[{"count":1,"href":"https:\/\/www.sincomam.org.br\/index.php\/wp-json\/wp\/v2\/posts\/40003\/revisions"}],"predecessor-version":[{"id":40005,"href":"https:\/\/www.sincomam.org.br\/index.php\/wp-json\/wp\/v2\/posts\/40003\/revisions\/40005"}],"wp:featuredmedia":[{"embeddable":true,"href":"https:\/\/www.sincomam.org.br\/index.php\/wp-json\/wp\/v2\/media\/40004"}],"wp:attachment":[{"href":"https:\/\/www.sincomam.org.br\/index.php\/wp-json\/wp\/v2\/media?parent=40003"}],"wp:term":[{"taxonomy":"category","embeddable":true,"href":"https:\/\/www.sincomam.org.br\/index.php\/wp-json\/wp\/v2\/categories?post=40003"},{"taxonomy":"post_tag","embeddable":true,"href":"https:\/\/www.sincomam.org.br\/index.php\/wp-json\/wp\/v2\/tags?post=40003"}],"curies":[{"name":"wp","href":"https:\/\/api.w.org\/{rel}","templated":true}]}}