{"id":39997,"date":"2022-06-27T01:42:31","date_gmt":"2022-06-27T04:42:31","guid":{"rendered":"http:\/\/www.sincomam.org.br\/?p=39997"},"modified":"2022-06-27T01:42:31","modified_gmt":"2022-06-27T04:42:31","slug":"transporte-por-cabotagem-tem-alta-no-porto-do-rio-de-janeiro","status":"publish","type":"post","link":"https:\/\/www.sincomam.org.br\/index.php\/transporte-por-cabotagem-tem-alta-no-porto-do-rio-de-janeiro\/","title":{"rendered":"Transporte por cabotagem tem alta no Porto do Rio de Janeiro"},"content":{"rendered":"<p>O Porto do Rio de Janeiro, administrado pela Companhia Docas do Rio de Janeiro (CDRJ), movimentou 1,163 milh\u00e3o de toneladas no transporte por cabotagem, no 1\u00ba quadrimestre deste ano, o que representa 745 mil toneladas a mais que o volume registrado no mesmo per\u00edodo do ano passado. O percentual de crescimento \u00e9 de 178,4% na compara\u00e7\u00e3o de 2022 x 2021. Os dados s\u00e3o do Estat\u00edstico Aquavi\u00e1rio da Ag\u00eancia Nacional de Transportes Aquavi\u00e1rios (Antaq), divulgados recentemente.<\/p>\n<p>O painel da ag\u00eancia reguladora aponta ainda que os cont\u00eaineres tiveram destaque na movimenta\u00e7\u00e3o do transporte por cabotagem no Porto do Rio de Janeiro. Essa tend\u00eancia de alta na movimenta\u00e7\u00e3o de cont\u00eainer, segundo a Autoridade Portu\u00e1ria, deve-se ao aumento do volume de transbordo de carga. Neste caso, o transbordo \u00e9 a transfer\u00eancia da mercadoria que chega do exterior ao Porto do Rio de Janeiro, pela navega\u00e7\u00e3o de longo curso, e segue at\u00e9 o destino final, em outro porto brasileiro, por meio da navega\u00e7\u00e3o de cabotagem. Vale lembrar que a cabotagem refere-se \u00e0 navega\u00e7\u00e3o entre portos mar\u00edtimos do mesmo pa\u00eds, diferente da navega\u00e7\u00e3o de longo curso, que \u00e9 realizada entre portos de pa\u00edses distintos.<\/p>\n<p>O Estat\u00edstico Aquavi\u00e1rio da Antaq \u00e9 uma ferramenta online de utilidade p\u00fablica para consulta de dados atualizados do setor aquavi\u00e1rio, com informa\u00e7\u00f5es sobre movimenta\u00e7\u00e3o portu\u00e1ria, navega\u00e7\u00f5es de longo curso e cabotagem, atraca\u00e7\u00f5es de navios, tarifas, indicadores e tempos operacionais de navios.<\/p>\n<p>Fonte: Portos e Navios<\/p>\n","protected":false},"excerpt":{"rendered":"<p>O Porto do Rio de Janeiro, administrado pela Companhia Docas do Rio de Janeiro (CDRJ), movimentou 1,163 milh\u00e3o de toneladas no transporte por cabotagem, no&#8230;<\/p>\n","protected":false},"author":1527,"featured_media":39998,"comment_status":"closed","ping_status":"closed","sticky":false,"template":"","format":"standard","meta":{"footnotes":""},"categories":[6],"tags":[],"class_list":["post-39997","post","type-post","status-publish","format-standard","has-post-thumbnail","hentry","category-noticias"],"_links":{"self":[{"href":"https:\/\/www.sincomam.org.br\/index.php\/wp-json\/wp\/v2\/posts\/39997","targetHints":{"allow":["GET"]}}],"collection":[{"href":"https:\/\/www.sincomam.org.br\/index.php\/wp-json\/wp\/v2\/posts"}],"about":[{"href":"https:\/\/www.sincomam.org.br\/index.php\/wp-json\/wp\/v2\/types\/post"}],"author":[{"embeddable":true,"href":"https:\/\/www.sincomam.org.br\/index.php\/wp-json\/wp\/v2\/users\/1527"}],"replies":[{"embeddable":true,"href":"https:\/\/www.sincomam.org.br\/index.php\/wp-json\/wp\/v2\/comments?post=39997"}],"version-history":[{"count":1,"href":"https:\/\/www.sincomam.org.br\/index.php\/wp-json\/wp\/v2\/posts\/39997\/revisions"}],"predecessor-version":[{"id":39999,"href":"https:\/\/www.sincomam.org.br\/index.php\/wp-json\/wp\/v2\/posts\/39997\/revisions\/39999"}],"wp:featuredmedia":[{"embeddable":true,"href":"https:\/\/www.sincomam.org.br\/index.php\/wp-json\/wp\/v2\/media\/39998"}],"wp:attachment":[{"href":"https:\/\/www.sincomam.org.br\/index.php\/wp-json\/wp\/v2\/media?parent=39997"}],"wp:term":[{"taxonomy":"category","embeddable":true,"href":"https:\/\/www.sincomam.org.br\/index.php\/wp-json\/wp\/v2\/categories?post=39997"},{"taxonomy":"post_tag","embeddable":true,"href":"https:\/\/www.sincomam.org.br\/index.php\/wp-json\/wp\/v2\/tags?post=39997"}],"curies":[{"name":"wp","href":"https:\/\/api.w.org\/{rel}","templated":true}]}}