{"id":39974,"date":"2022-06-23T09:42:06","date_gmt":"2022-06-23T12:42:06","guid":{"rendered":"http:\/\/www.sincomam.org.br\/?p=39974"},"modified":"2022-06-23T09:42:06","modified_gmt":"2022-06-23T12:42:06","slug":"stj-planos-coletivos-devem-manter-tratamento-mesmo-com-cancelamento","status":"publish","type":"post","link":"https:\/\/www.sincomam.org.br\/index.php\/stj-planos-coletivos-devem-manter-tratamento-mesmo-com-cancelamento\/","title":{"rendered":"STJ: planos coletivos devem manter tratamento mesmo com cancelamento"},"content":{"rendered":"<p>O Superior Tribunal de Justi\u00e7a (STJ) decidiu hoje (22) que as operadoras de planos de sa\u00fade coletivos devem garantir a continuidade de tratamentos m\u00e9dicos no caso de rescis\u00e3o unilateral do contrato de presta\u00e7\u00e3o de servi\u00e7os.<\/p>\n<p>Esses tipos de planos s\u00e3o oferecidos como benef\u00edcios assistenciais a grupos de trabalhadores de empresas. No caso de planos individuais, as operadoras j\u00e1 eram proibidas de cancelar o plano durante o tratamento. <\/p>\n<p>Os processos que motivaram o julgamento envolvem uma mulher que teve c\u00e2ncer de mama e recorreu \u00e0 Justi\u00e7a ap\u00f3s seu plano ser cancelado pela operadora e um adolescente, portador de uma doen\u00e7a grave. <\/p>\n<p>Pela decis\u00e3o da Segunda Se\u00e7\u00e3o do tribunal, as operadoras t\u00eam o direito contratual de cancelar o contrato, mas devem manter o tratamento indicado aos pacientes at\u00e9 a alta m\u00e9dica. Em contrapartida, o paciente dever\u00e1 manter o pagamento da mensalidade do plano, com as condi\u00e7\u00f5es contratuais originais. <\/p>\n<p>De forma un\u00e2nime, o colegiado definiu uma tese que dever\u00e1 balizar os processos que tratam da mesma quest\u00e3o. <\/p>\n<p>&#8220;A operadora, mesmo ap\u00f3s o exerc\u00edcio regular do direito \u00e0 rescis\u00e3o unilateral do plano coletivo, dever\u00e1 assegurar a continuidade dos cuidados assistenciais prescritos ao usu\u00e1rio internado ou em pleno tratamento m\u00e9dico garantidor da sua sobreviv\u00eancia ou da sua incolumidade f\u00edsica at\u00e9 a efetiva alta, desde que o titular arque integralmente com a contrapresta\u00e7\u00e3o devida.&#8221;<\/p>\n<p>O caso julgado pelo colegiado firma o entendimento sobre a quest\u00e3o no STJ e poder\u00e1 ser aplicado aos casos semelhantes que est\u00e3o em tramita\u00e7\u00e3o no Judici\u00e1rio de todo o pa\u00eds. As operadoras podem recorrer da decis\u00e3o. <\/p>\n<p>Fonte: Ag\u00eancia Brasil<\/p>\n","protected":false},"excerpt":{"rendered":"<p>O Superior Tribunal de Justi\u00e7a (STJ) decidiu hoje (22) que as operadoras de planos de sa\u00fade coletivos devem garantir a continuidade de tratamentos m\u00e9dicos no&#8230;<\/p>\n","protected":false},"author":1527,"featured_media":39975,"comment_status":"closed","ping_status":"closed","sticky":false,"template":"","format":"standard","meta":{"footnotes":""},"categories":[6],"tags":[],"class_list":["post-39974","post","type-post","status-publish","format-standard","has-post-thumbnail","hentry","category-noticias"],"_links":{"self":[{"href":"https:\/\/www.sincomam.org.br\/index.php\/wp-json\/wp\/v2\/posts\/39974","targetHints":{"allow":["GET"]}}],"collection":[{"href":"https:\/\/www.sincomam.org.br\/index.php\/wp-json\/wp\/v2\/posts"}],"about":[{"href":"https:\/\/www.sincomam.org.br\/index.php\/wp-json\/wp\/v2\/types\/post"}],"author":[{"embeddable":true,"href":"https:\/\/www.sincomam.org.br\/index.php\/wp-json\/wp\/v2\/users\/1527"}],"replies":[{"embeddable":true,"href":"https:\/\/www.sincomam.org.br\/index.php\/wp-json\/wp\/v2\/comments?post=39974"}],"version-history":[{"count":1,"href":"https:\/\/www.sincomam.org.br\/index.php\/wp-json\/wp\/v2\/posts\/39974\/revisions"}],"predecessor-version":[{"id":39976,"href":"https:\/\/www.sincomam.org.br\/index.php\/wp-json\/wp\/v2\/posts\/39974\/revisions\/39976"}],"wp:featuredmedia":[{"embeddable":true,"href":"https:\/\/www.sincomam.org.br\/index.php\/wp-json\/wp\/v2\/media\/39975"}],"wp:attachment":[{"href":"https:\/\/www.sincomam.org.br\/index.php\/wp-json\/wp\/v2\/media?parent=39974"}],"wp:term":[{"taxonomy":"category","embeddable":true,"href":"https:\/\/www.sincomam.org.br\/index.php\/wp-json\/wp\/v2\/categories?post=39974"},{"taxonomy":"post_tag","embeddable":true,"href":"https:\/\/www.sincomam.org.br\/index.php\/wp-json\/wp\/v2\/tags?post=39974"}],"curies":[{"name":"wp","href":"https:\/\/api.w.org\/{rel}","templated":true}]}}