{"id":39955,"date":"2022-06-23T09:31:36","date_gmt":"2022-06-23T12:31:36","guid":{"rendered":"http:\/\/www.sincomam.org.br\/?p=39955"},"modified":"2022-06-23T09:31:36","modified_gmt":"2022-06-23T12:31:36","slug":"no-dia-do-agente-maritimo-profissionais-sao-homenageados-na-capitania-dos-portos-do-parana","status":"publish","type":"post","link":"https:\/\/www.sincomam.org.br\/index.php\/no-dia-do-agente-maritimo-profissionais-sao-homenageados-na-capitania-dos-portos-do-parana\/","title":{"rendered":"NO DIA DO AGENTE MAR\u00cdTIMO, PROFISSIONAIS S\u00c3O HOMENAGEADOS NA CAPITANIA DOS PORTOS DO PARAN\u00c1"},"content":{"rendered":"<p>Um evento celebrado em alus\u00e3o ao Dia do Agente Mar\u00edtimo realizado na Capitania dos Portos do Paran\u00e1 (CPPR) nesta quarta-feira (22), em Paranagu\u00e1, homenageou tr\u00eas profissionais que atuam diretamente na atividade portu\u00e1ria.<\/p>\n<p>Um dos homenageados, o diretor-presidente da Portos do Paran\u00e1, Luiz Fernando Garcia, ressaltou a import\u00e2ncia dos agentes mar\u00edtimos para a opera\u00e7\u00e3o dos navios. \u201cSer reconhecido no dia deles como uma pe\u00e7a importante \u00e9, sem d\u00favida, muito gratificante. A comunidade portu\u00e1ria em si trabalha de forma bem integrada, o que \u00e9 bom para a log\u00edstica e para as empresas, gerando emprego e renda para o litoral\u201d, afirma.<\/p>\n<p>Outro homenageado no evento, o Capit\u00e3o dos Portos do Paran\u00e1, Andr\u00e9 Luiz Morais de Vasconcelos, afirma que h\u00e1 sinergia com a autoridade portu\u00e1ria. \u201cTodos fazem parte de uma engrenagem muito importante. A Capitania, com foco na seguran\u00e7a, e o Porto com a gest\u00e3o e efici\u00eancia\u201d, justifica.<\/p>\n<p>\u201cA gente nunca trabalha querendo receber nada, mas quando \u00e9 lembrado, \u00e9 muito importante. Essa homenagem vai ficar marcada\u201d, afirma Jos\u00e9 Marcos Kascharowski, assessor do Departamento de Seguran\u00e7a do Tr\u00e1fego Aquavi\u00e1rio, tamb\u00e9m homenageado do dia.<\/p>\n<p><strong>DIA DO AGENTE MAR\u00cdTIMO<\/strong><br \/>\nA data, celebrada em 23 de junho, foi institu\u00edda pela Lei n\u00ba 11.791\/2008. O evento foi promovido pelo Sindicato das Ag\u00eancias de Navega\u00e7\u00e3o Mar\u00edtima do Paran\u00e1 na sede da CPPR.<\/p>\n<p>De acordo com o presidente da institui\u00e7\u00e3o, Argyris Ikonomou, a escolha dos homenageados \u00e9 feita por m\u00e9rito. \u201cTemos muita gente merecedora que precisa ser homenageada. Ent\u00e3o, a cada ano, escolhemos alguns nomes utilizando como crit\u00e9rio o merecimento e os relevantes trabalhos prestados \u00e0 comunidade portu\u00e1ria\u201d, explica.<\/p>\n<p>Fonte: Informativo dos Portos<\/p>\n","protected":false},"excerpt":{"rendered":"<p>Um evento celebrado em alus\u00e3o ao Dia do Agente Mar\u00edtimo realizado na Capitania dos Portos do Paran\u00e1 (CPPR) nesta quarta-feira (22), em Paranagu\u00e1, homenageou tr\u00eas&#8230;<\/p>\n","protected":false},"author":1527,"featured_media":39956,"comment_status":"closed","ping_status":"closed","sticky":false,"template":"","format":"standard","meta":{"footnotes":""},"categories":[6],"tags":[],"class_list":["post-39955","post","type-post","status-publish","format-standard","has-post-thumbnail","hentry","category-noticias"],"_links":{"self":[{"href":"https:\/\/www.sincomam.org.br\/index.php\/wp-json\/wp\/v2\/posts\/39955","targetHints":{"allow":["GET"]}}],"collection":[{"href":"https:\/\/www.sincomam.org.br\/index.php\/wp-json\/wp\/v2\/posts"}],"about":[{"href":"https:\/\/www.sincomam.org.br\/index.php\/wp-json\/wp\/v2\/types\/post"}],"author":[{"embeddable":true,"href":"https:\/\/www.sincomam.org.br\/index.php\/wp-json\/wp\/v2\/users\/1527"}],"replies":[{"embeddable":true,"href":"https:\/\/www.sincomam.org.br\/index.php\/wp-json\/wp\/v2\/comments?post=39955"}],"version-history":[{"count":1,"href":"https:\/\/www.sincomam.org.br\/index.php\/wp-json\/wp\/v2\/posts\/39955\/revisions"}],"predecessor-version":[{"id":39957,"href":"https:\/\/www.sincomam.org.br\/index.php\/wp-json\/wp\/v2\/posts\/39955\/revisions\/39957"}],"wp:featuredmedia":[{"embeddable":true,"href":"https:\/\/www.sincomam.org.br\/index.php\/wp-json\/wp\/v2\/media\/39956"}],"wp:attachment":[{"href":"https:\/\/www.sincomam.org.br\/index.php\/wp-json\/wp\/v2\/media?parent=39955"}],"wp:term":[{"taxonomy":"category","embeddable":true,"href":"https:\/\/www.sincomam.org.br\/index.php\/wp-json\/wp\/v2\/categories?post=39955"},{"taxonomy":"post_tag","embeddable":true,"href":"https:\/\/www.sincomam.org.br\/index.php\/wp-json\/wp\/v2\/tags?post=39955"}],"curies":[{"name":"wp","href":"https:\/\/api.w.org\/{rel}","templated":true}]}}