{"id":39952,"date":"2022-06-22T09:28:52","date_gmt":"2022-06-22T12:28:52","guid":{"rendered":"http:\/\/www.sincomam.org.br\/?p=39952"},"modified":"2022-06-22T09:28:52","modified_gmt":"2022-06-22T12:28:52","slug":"saque-extraordinario-do-fgts-ate-quando-e-possivel-fazer-a-retirada","status":"publish","type":"post","link":"https:\/\/www.sincomam.org.br\/index.php\/saque-extraordinario-do-fgts-ate-quando-e-possivel-fazer-a-retirada\/","title":{"rendered":"Saque extraordin\u00e1rio do FGTS: at\u00e9 quando \u00e9 poss\u00edvel fazer a retirada"},"content":{"rendered":"<p>O saque extraordin\u00e1rio do FGTS (Fundo de Garantia do Tempo de Servi\u00e7o) terminou na quarta-feira (15). Quando os nascidos em dezembro tiveram a chance de sacar o dinheiro. Quem nasceu entre janeiro e novembro teve os recursos liberados em datas anteriores.<\/p>\n<p>De acordo com a Caixa Econ\u00f4mica Federal, quem n\u00e3o sacar na data estipulada no calend\u00e1rio, ter\u00e1 direito de retirar o dinheiro at\u00e9 o dia 15 de dezembro deste ano.<\/p>\n<p>Para retirar o dinheiro, \u00e9 necess\u00e1rio que o trabalhador possua conta do FGTS com saldo dispon\u00edvel. O cr\u00e9dito \u00e9 realizado de forma autom\u00e1tica na conta do Caixa Tem, em nome do trabalhador. O valor a ser liberado ser\u00e1 de at\u00e9 R$ 1.000.<\/p>\n<p>Por\u00e9m, o trabalhador que n\u00e3o teve os valores liberados automaticamente na conta, dever\u00e1 pedir a libera\u00e7\u00e3o dos recursos.<br \/>\nO banco tamb\u00e9m informou que o bloqueio dos recursos pode ocorrer devido a alguns fatores. Entre eles:<\/p>\n<p>garantia de opera\u00e7\u00f5es de cr\u00e9dito de antecipa\u00e7\u00e3o do Saque Anivers\u00e1rio;<br \/>\ndetermina\u00e7\u00e3o judicial;<br \/>\npedido de devolu\u00e7\u00e3o de valor recolhido pelo empregador;<br \/>\ne dados inconsistentes.<\/p>\n<p>O banco n\u00e3o vai liberar o saque caso os valores estejam bloqueados na conta do fundo de garantia. Segundo o governo, o saque do FGTS Extraordin\u00e1rio vai beneficiar 42 milh\u00f5es de trabalhadores. Sendo que \u00e9 poss\u00edvel realizar consulta do saldo.<\/p>\n<p><strong>Como consultar?<\/strong><br \/>\nA consulta pode ser pelo site do FGTS, nele \u00e9 poss\u00edvel saber se voc\u00ea tem direito ao Saque Extraordin\u00e1rio do FGTS e tamb\u00e9m consultar a data de cr\u00e9dito na Conta Poupan\u00e7a Social Digital.<\/p>\n<p><strong>No aplicativo FGTS e nas ag\u00eancias da Caixa \u00e9 poss\u00edvel consultar:<\/strong><br \/>\no valor a ser creditado;<br \/>\na data de cr\u00e9dito na Conta Poupan\u00e7a Social Digital;<br \/>\ninformar que n\u00e3o quer receber o cr\u00e9dito do valor;<br \/>\nsolicitar o retorno do valor creditado para a conta FGTS;<br \/>\naltera\u00e7\u00e3o cadastral para cria\u00e7\u00e3o de Conta Poupan\u00e7a Social Digital.<\/p>\n<p>Os saques poder\u00e3o ser realizados por pessoas com contas ativas ou inativas vinculadas ao FGTS.<\/p>\n<p>Para quem possui mais de uma conta do FGTS, ele ser\u00e1 liberado da seguinte forma: Primeiro, as contas relativas a contratos de trabalho extintos, com in\u00edcio pela conta que tiver o menor saldo; em seguida, as demais contas vinculadas, com in\u00edcio pela conta que tiver o menor saldo.<\/p>\n<p>N\u00e3o estar\u00e3o dispon\u00edveis para saque os valores que estiverem bloqueados na conta do FGTS, como garantia de opera\u00e7\u00f5es de cr\u00e9dito de antecipa\u00e7\u00e3o do saque-anivers\u00e1rio, por exemplo.<\/p>\n<p><strong>O trabalhador \u00e9 obrigado a realizar o saque?<\/strong><br \/>\nO trabalhador n\u00e3o \u00e9 obrigado a realizar o saque. Neste caso, ser\u00e1 poss\u00edvel indicar que n\u00e3o deseja receber o saque extraordin\u00e1rio do FGTS, para que sua conta do FGTS n\u00e3o seja debitada. Basta acessar o aplicativo FGTS ou se dirigir a uma das ag\u00eancias do banco para informar que n\u00e3o quer receber o cr\u00e9dito.<\/p>\n<p>Ap\u00f3s a realiza\u00e7\u00e3o do cr\u00e9dito na Conta Poupan\u00e7a Social Digital, o trabalhador pode, ainda assim, optar por desfazer o cr\u00e9dito autom\u00e1tico, por meio dos mesmos canais, at\u00e9 o dia 10 de novembro.<\/p>\n<p>Se o cr\u00e9dito dos valores j\u00e1 tiver sido feito na Poupan\u00e7a Social Digital do trabalhador e essa conta n\u00e3o for movimentada at\u00e9 15 de dezembro, os recursos ser\u00e3o retornados \u00e0 conta do FGTS, devidamente corrigidos.<\/p>\n<p>Fonte: Jornal Cont\u00e1bil<\/p>\n","protected":false},"excerpt":{"rendered":"<p>O saque extraordin\u00e1rio do FGTS (Fundo de Garantia do Tempo de Servi\u00e7o) terminou na quarta-feira (15). Quando os nascidos em dezembro tiveram a chance de&#8230;<\/p>\n","protected":false},"author":1527,"featured_media":3898,"comment_status":"closed","ping_status":"closed","sticky":false,"template":"","format":"standard","meta":{"footnotes":""},"categories":[6],"tags":[],"class_list":["post-39952","post","type-post","status-publish","format-standard","has-post-thumbnail","hentry","category-noticias"],"_links":{"self":[{"href":"https:\/\/www.sincomam.org.br\/index.php\/wp-json\/wp\/v2\/posts\/39952","targetHints":{"allow":["GET"]}}],"collection":[{"href":"https:\/\/www.sincomam.org.br\/index.php\/wp-json\/wp\/v2\/posts"}],"about":[{"href":"https:\/\/www.sincomam.org.br\/index.php\/wp-json\/wp\/v2\/types\/post"}],"author":[{"embeddable":true,"href":"https:\/\/www.sincomam.org.br\/index.php\/wp-json\/wp\/v2\/users\/1527"}],"replies":[{"embeddable":true,"href":"https:\/\/www.sincomam.org.br\/index.php\/wp-json\/wp\/v2\/comments?post=39952"}],"version-history":[{"count":2,"href":"https:\/\/www.sincomam.org.br\/index.php\/wp-json\/wp\/v2\/posts\/39952\/revisions"}],"predecessor-version":[{"id":39954,"href":"https:\/\/www.sincomam.org.br\/index.php\/wp-json\/wp\/v2\/posts\/39952\/revisions\/39954"}],"wp:featuredmedia":[{"embeddable":true,"href":"https:\/\/www.sincomam.org.br\/index.php\/wp-json\/wp\/v2\/media\/3898"}],"wp:attachment":[{"href":"https:\/\/www.sincomam.org.br\/index.php\/wp-json\/wp\/v2\/media?parent=39952"}],"wp:term":[{"taxonomy":"category","embeddable":true,"href":"https:\/\/www.sincomam.org.br\/index.php\/wp-json\/wp\/v2\/categories?post=39952"},{"taxonomy":"post_tag","embeddable":true,"href":"https:\/\/www.sincomam.org.br\/index.php\/wp-json\/wp\/v2\/tags?post=39952"}],"curies":[{"name":"wp","href":"https:\/\/api.w.org\/{rel}","templated":true}]}}