{"id":39947,"date":"2022-06-22T09:16:27","date_gmt":"2022-06-22T12:16:27","guid":{"rendered":"http:\/\/www.sincomam.org.br\/?p=39947"},"modified":"2022-06-22T09:16:27","modified_gmt":"2022-06-22T12:16:27","slug":"workshop-de-direito-maritimo-do-tribunal-maritimo-debate-br-do-mar-e-os-40-anos-da-convencao-das-nacoes-unidas-sobre-o-direito-do-mar","status":"publish","type":"post","link":"https:\/\/www.sincomam.org.br\/index.php\/workshop-de-direito-maritimo-do-tribunal-maritimo-debate-br-do-mar-e-os-40-anos-da-convencao-das-nacoes-unidas-sobre-o-direito-do-mar\/","title":{"rendered":"WORKSHOP DE DIREITO MAR\u00cdTIMO DO TRIBUNAL MAR\u00cdTIMO DEBATE BR DO MAR E OS 40 ANOS DA CONVEN\u00c7\u00c3O DAS NA\u00c7\u00d5ES UNIDAS SOBRE O DIREITO DO MAR"},"content":{"rendered":"<p>\u201cRegulamenta\u00e7\u00e3o da BR do Mar: Expectativas para a ind\u00fastria Mar\u00edtima Brasileira\u201d e \u201cOs 40 anos da Conven\u00e7\u00e3o das Na\u00e7\u00f5es Unidas sobre o Direito do Mar (CNUDM)\u201d. Com esses temas o Tribunal Mar\u00edtimo (TM) o XII Workshop de Direito Mar\u00edtimo. O evento ocorreu de forma h\u00edbrida &#8211; nas depend\u00eancias do Centro Empresarial Internacional Rio \u2013 RB1 &#8211; e por videoconfer\u00eancia, transmitido ao vivo pelo canal do Tribunal Mar\u00edtimo no Youtube. Estiveram presentes autoridades militares, al\u00e9m de advogados maritimistas e integrantes da Comunidade Mar\u00edtima.   <\/p>\n<p>O Diretor-Geral de Navega\u00e7\u00e3o, Almirante de Esquadra Wladmilson Borges de Aguiar, realizou a abertura do Workshop, quando destacou que \u201co futuro do Brasil est\u00e1 no mar\u201d, em refer\u00eancia \u00e0 import\u00e2ncia do modal mar\u00edtimo nas esferas econ\u00f4mica, ambiental e de soberania do Pa\u00eds. Em seguida o Diretor-Geral da Ag\u00eancia Nacional de Transportes Aquavi\u00e1rios (ANTAQ), Sr. Eduardo Nery Machado Filho, ministrou a palestra inicial, com destaque para a intera\u00e7\u00e3o da Ag\u00eancia com outros \u00f3rg\u00e3os, especialmente a Marinha do Brasil. O Vice-Almirante Wilson Pereira de Lima Filho, Juiz-Presidente do TM, em seu discurso refor\u00e7ou que \u201cdebater com frequ\u00eancia assuntos ligados \u00e0 seguran\u00e7a da navega\u00e7\u00e3o, \u00e0s atividades mar\u00edtima e portu\u00e1ria, como estamos fazendo, \u00e9 uma marca registrada de pa\u00edses vocacionados para o mar como o Brasil\u201d.<\/p>\n<p>O primeiro painel, com o tema: \u201cRegulamenta\u00e7\u00e3o da BR do Mar: Expectativas para a ind\u00fastria Mar\u00edtima Brasileira\u201d foi abordado pelo Vice-Almirante Sergio Renato Berna Salgueirinho, Diretor de Portos e Costas, seguido do Capit\u00e3o de Mar e Guerra (RM1) Lu\u00eds Fernando Resano, Diretor da Associa\u00e7\u00e3o Brasileira de Armadores de Cabotagem (ABAC), Sr. Dino Antunes Dias Batista, do Minist\u00e9rio da Infraestrutura, e Dr. Pedro Calmon Neto, Advogado Maritimista.  Esse painel foi mediado pelo Capit\u00e3o de Mar e Guerra (RM1) Dion\u00edsio Tavares da C\u00e2mara Junior, Diretor da Divis\u00e3o de Registros do TM.<\/p>\n<p>     O segundo painel, com o tema: \u201cOs 40 anos da Conven\u00e7\u00e3o das Na\u00e7\u00f5es Unidas sobre o Direito do Mar (CNUDM)\u201d foi abordado pelo Vice-Almirante (RM1) Antonio Fernando Garcez Faria, Assessor S\u00eanior para o LEPLAC da DHN, seguido da Dra. Ingrid Zanella Andrade Campos, presidente da Comiss\u00e3o Nacional de Direito Mar\u00edtimo e Portu\u00e1rio do Conselho Federal da Ordem dos Advogados do Brasil (OAB) e Vice-Presidente da OAB\/PE. Esse painel foi mediado pelo Juiz Marcelo David Gon\u00e7alves, Juiz do Tribunal Mar\u00edtimo.<\/p>\n<p>Fonte: Ag\u00eancia de Not\u00edcias da Marinha<\/p>\n","protected":false},"excerpt":{"rendered":"<p>\u201cRegulamenta\u00e7\u00e3o da BR do Mar: Expectativas para a ind\u00fastria Mar\u00edtima Brasileira\u201d e \u201cOs 40 anos da Conven\u00e7\u00e3o das Na\u00e7\u00f5es Unidas sobre o Direito do Mar&#8230;<\/p>\n","protected":false},"author":1527,"featured_media":39948,"comment_status":"closed","ping_status":"closed","sticky":false,"template":"","format":"standard","meta":{"footnotes":""},"categories":[6],"tags":[],"class_list":["post-39947","post","type-post","status-publish","format-standard","has-post-thumbnail","hentry","category-noticias"],"_links":{"self":[{"href":"https:\/\/www.sincomam.org.br\/index.php\/wp-json\/wp\/v2\/posts\/39947","targetHints":{"allow":["GET"]}}],"collection":[{"href":"https:\/\/www.sincomam.org.br\/index.php\/wp-json\/wp\/v2\/posts"}],"about":[{"href":"https:\/\/www.sincomam.org.br\/index.php\/wp-json\/wp\/v2\/types\/post"}],"author":[{"embeddable":true,"href":"https:\/\/www.sincomam.org.br\/index.php\/wp-json\/wp\/v2\/users\/1527"}],"replies":[{"embeddable":true,"href":"https:\/\/www.sincomam.org.br\/index.php\/wp-json\/wp\/v2\/comments?post=39947"}],"version-history":[{"count":1,"href":"https:\/\/www.sincomam.org.br\/index.php\/wp-json\/wp\/v2\/posts\/39947\/revisions"}],"predecessor-version":[{"id":39949,"href":"https:\/\/www.sincomam.org.br\/index.php\/wp-json\/wp\/v2\/posts\/39947\/revisions\/39949"}],"wp:featuredmedia":[{"embeddable":true,"href":"https:\/\/www.sincomam.org.br\/index.php\/wp-json\/wp\/v2\/media\/39948"}],"wp:attachment":[{"href":"https:\/\/www.sincomam.org.br\/index.php\/wp-json\/wp\/v2\/media?parent=39947"}],"wp:term":[{"taxonomy":"category","embeddable":true,"href":"https:\/\/www.sincomam.org.br\/index.php\/wp-json\/wp\/v2\/categories?post=39947"},{"taxonomy":"post_tag","embeddable":true,"href":"https:\/\/www.sincomam.org.br\/index.php\/wp-json\/wp\/v2\/tags?post=39947"}],"curies":[{"name":"wp","href":"https:\/\/api.w.org\/{rel}","templated":true}]}}