{"id":39941,"date":"2022-06-22T09:03:51","date_gmt":"2022-06-22T12:03:51","guid":{"rendered":"http:\/\/www.sincomam.org.br\/?p=39941"},"modified":"2022-06-22T09:03:51","modified_gmt":"2022-06-22T12:03:51","slug":"cerimonia-marca-inicio-da-construcao-das-fragatas-classe-tamandare","status":"publish","type":"post","link":"https:\/\/www.sincomam.org.br\/index.php\/cerimonia-marca-inicio-da-construcao-das-fragatas-classe-tamandare\/","title":{"rendered":"Cerim\u00f4nia marca in\u00edcio da constru\u00e7\u00e3o das Fragatas \u201cClasse Tamandar\u00e9\u201d"},"content":{"rendered":"<p>O in\u00edcio da constru\u00e7\u00e3o de quatro navios de guerra, que far\u00e3o parte da Esquadra da Marinha do Brasil \u2013 Fragatas \u201cClasse Tamandar\u00e9\u201d \u2013 foi marcado por uma cerim\u00f4nia realizada no dia 21 de junho, na thyssenkrupp Estaleiro Brasil Sul, em Itaja\u00ed (SC). No local, foi apresentado o mockup do navio, que \u00e9 um compartimento da Fragata \u201cClasse Tamandar\u00e9\u201d. Trata-se de uma reprodu\u00e7\u00e3o em dimens\u00f5es reais da se\u00e7\u00e3o de uma das pra\u00e7as de m\u00e1quinas do navio.<\/p>\n<p>O evento contou com a presen\u00e7a do Comandante da Marinha, Almirante de Esquadra Almir Garnier Santos, o Senador Espiridi\u00e3o Amin, e os Deputados Federais Carlos Chiodini, Coronel Armando e Caroline de Toni, membros do Almirantado e diretores da Sociedade de Prop\u00f3sito Espec\u00edfico \u00c1guas Azuis. A cerim\u00f4nia tamb\u00e9m foi prestigiada por membros da Sociedade Amigos da Marinha (SOAMAR) do Estado de Santa Catarina.<\/p>\n<p>O mockup ou Se\u00e7\u00e3o de Qualifica\u00e7\u00e3o atesta a qualidade de produ\u00e7\u00e3o do Estaleiro em rela\u00e7\u00e3o \u00e0 fabrica\u00e7\u00e3o, \u00e0 transfer\u00eancia dos documentos de constru\u00e7\u00e3o, \u00e0s interfaces de Tecnologia da Informa\u00e7\u00e3o aplicadas \u00e0 produ\u00e7\u00e3o, aos procedimentos de soldagem, aos processos de controle dimensional da estrutura e \u00e0 provis\u00e3o e manuseio de materiais destinados \u00e0 fabrica\u00e7\u00e3o das Fragatas.<\/p>\n<p>Esses navios, com previs\u00e3o de entrega entre 2025 e 2029, ter\u00e3o alto poder de combate e ser\u00e3o capazes de proteger a extensa \u00e1rea mar\u00edtima brasileira, com mais de 5,7 mil km\u00b2, denominada \u201cAmaz\u00f4nia Azul\u201d, realizar opera\u00e7\u00f5es de busca e salvamento e atender compromissos internacionais, por exemplo. \u201cSer\u00e3o escoltas vers\u00e1teis e de significativo poder combatente, capazes de se contraporem a m\u00faltiplas amea\u00e7as e destinadas \u00e0 prote\u00e7\u00e3o do tr\u00e1fego mar\u00edtimo, podendo realizar miss\u00f5es de defesa, aproximada ou afastada, do litoral brasileiro\u201d, afirmou o Diretor-Geral do Material da Marinha, Almirante de Esquadra Jos\u00e9 Augusto Vieira da Cunha de Menezes, um dos membros do Almirantado.<\/p>\n<p>As fragatas poder\u00e3o ser empregadas na prote\u00e7\u00e3o \u00e0s unidades componentes do Corpo Principal de For\u00e7as Navais, e tamb\u00e9m em \u00e1reas afastadas, compondo Grupos de A\u00e7\u00e3o de Superf\u00edcie ou como Unidades de Busca e Ataque a Submarinos. Os navios ser\u00e3o empregados na patrulha das \u00c1guas Jurisdicionais Brasileiras, com \u00eanfase na fiscaliza\u00e7\u00e3o e prote\u00e7\u00e3o das atividades econ\u00f4micas, principalmente a petrol\u00edfera e a pesqueira. \u201cO Programa Fragatas \u2018Classe Tamandar\u00e9\u2019 se reveste de particular import\u00e2ncia no cen\u00e1rio nacional em raz\u00e3o de sua relev\u00e2ncia para a gera\u00e7\u00e3o de empregos e para o desenvolvimento da Base Industrial de Defesa no Pa\u00eds\u201d, destacou o Almirante Cunha.<\/p>\n<p>A produ\u00e7\u00e3o ser\u00e1 feita com, pelo menos, 30% de conte\u00fado local no primeiro navio, e 40% a partir do segundo, o que proporciona uma transfer\u00eancia gradual de tecnologia em engenharia naval para a fabrica\u00e7\u00e3o de navios militares e sistemas de gerenciamento de combate e de plataforma em solo brasileiro. As fragatas ser\u00e3o baseadas no projeto alem\u00e3o MEKO, j\u00e1 utilizado em 82 embarca\u00e7\u00f5es em opera\u00e7\u00e3o em marinhas de 15 pa\u00edses.<\/p>\n<p>De acordo com o CEO da Sociedade de Prop\u00f3sito Espec\u00edfico \u00c1guas Azuis, Fernando Queiroz, a transfer\u00eancia de tecnologia e produ\u00e7\u00e3o dos navios com conte\u00fado local s\u00e3o pilares importantes dessa constru\u00e7\u00e3o. \u201cEstamos habilitando esse estaleiro pra poder trabalhar com requisitos de um navio de defesa, e tamb\u00e9m com a transfer\u00eancia de conhecimento para gest\u00e3o de software, sistema de controle de combate e sistema de controle da plataforma, dando independ\u00eancia ao Brasil para gerar suas atualiza\u00e7\u00f5es de software\u201d, disse.<\/p>\n<p>A Marinha do Brasil conduz o Programa Fragatas \u201cClasse Tamandar\u00e9\u201d desde 2017, com o objetivo de promover a renova\u00e7\u00e3o da Esquadra com quatro navios modernos, de alta complexidade tecnol\u00f3gica, constru\u00eddos no Pa\u00eds. O Programa \u00e9 um elemento fundamental e um meio indispens\u00e1vel tanto para o controle de \u00e1reas mar\u00edtimas de interesse, evitando o acesso de meios n\u00e3o desej\u00e1veis pelo mar, como tamb\u00e9m para que o Pa\u00eds atue sob a \u00e9gide de organismos internacionais e em apoio \u00e0 pol\u00edtica externa, de forma compat\u00edvel com a inser\u00e7\u00e3o do Brasil no cen\u00e1rio internacional.<\/p>\n<p>\u201cCom a constru\u00e7\u00e3o desses navios em estaleiro nacional, com altos \u00edndices de conte\u00fado local, e transfer\u00eancia de tecnologia, haver\u00e1 incremento na gera\u00e7\u00e3o de empregos e fortalecimento da Base Industrial de Defesa do Pa\u00eds\u201d, complementou o Diretor-Geral do Material da Marinha.<\/p>\n<p>Fonte: Defesa em Foco<\/p>\n","protected":false},"excerpt":{"rendered":"<p>O in\u00edcio da constru\u00e7\u00e3o de quatro navios de guerra, que far\u00e3o parte da Esquadra da Marinha do Brasil \u2013 Fragatas \u201cClasse Tamandar\u00e9\u201d \u2013 foi marcado&#8230;<\/p>\n","protected":false},"author":1527,"featured_media":39942,"comment_status":"closed","ping_status":"closed","sticky":false,"template":"","format":"standard","meta":{"footnotes":""},"categories":[6],"tags":[],"class_list":["post-39941","post","type-post","status-publish","format-standard","has-post-thumbnail","hentry","category-noticias"],"_links":{"self":[{"href":"https:\/\/www.sincomam.org.br\/index.php\/wp-json\/wp\/v2\/posts\/39941","targetHints":{"allow":["GET"]}}],"collection":[{"href":"https:\/\/www.sincomam.org.br\/index.php\/wp-json\/wp\/v2\/posts"}],"about":[{"href":"https:\/\/www.sincomam.org.br\/index.php\/wp-json\/wp\/v2\/types\/post"}],"author":[{"embeddable":true,"href":"https:\/\/www.sincomam.org.br\/index.php\/wp-json\/wp\/v2\/users\/1527"}],"replies":[{"embeddable":true,"href":"https:\/\/www.sincomam.org.br\/index.php\/wp-json\/wp\/v2\/comments?post=39941"}],"version-history":[{"count":1,"href":"https:\/\/www.sincomam.org.br\/index.php\/wp-json\/wp\/v2\/posts\/39941\/revisions"}],"predecessor-version":[{"id":39943,"href":"https:\/\/www.sincomam.org.br\/index.php\/wp-json\/wp\/v2\/posts\/39941\/revisions\/39943"}],"wp:featuredmedia":[{"embeddable":true,"href":"https:\/\/www.sincomam.org.br\/index.php\/wp-json\/wp\/v2\/media\/39942"}],"wp:attachment":[{"href":"https:\/\/www.sincomam.org.br\/index.php\/wp-json\/wp\/v2\/media?parent=39941"}],"wp:term":[{"taxonomy":"category","embeddable":true,"href":"https:\/\/www.sincomam.org.br\/index.php\/wp-json\/wp\/v2\/categories?post=39941"},{"taxonomy":"post_tag","embeddable":true,"href":"https:\/\/www.sincomam.org.br\/index.php\/wp-json\/wp\/v2\/tags?post=39941"}],"curies":[{"name":"wp","href":"https:\/\/api.w.org\/{rel}","templated":true}]}}