{"id":39938,"date":"2022-06-22T09:01:47","date_gmt":"2022-06-22T12:01:47","guid":{"rendered":"http:\/\/www.sincomam.org.br\/?p=39938"},"modified":"2022-06-22T09:01:47","modified_gmt":"2022-06-22T12:01:47","slug":"conta-de-luz-ficara-64-mais-cara-a-partir-de-1o-de-julho","status":"publish","type":"post","link":"https:\/\/www.sincomam.org.br\/index.php\/conta-de-luz-ficara-64-mais-cara-a-partir-de-1o-de-julho\/","title":{"rendered":"Conta de luz ficar\u00e1 64% mais cara a partir de 1\u00ba de julho"},"content":{"rendered":"<p>A Ag\u00eancia Nacional de Energia El\u00e9trica (Aneel) aprovou nesta ter\u00e7a-feira (21) o reajuste nos valores das bandeiras tarif\u00e1rias. Elas s\u00e3o aplicadas na conta de luz dos consumidores de acordo com o custo de produ\u00e7\u00e3o de energia no pa\u00eds.<\/p>\n<p>A proposta aprovada pela Aneel estipula uma alta de 63,7% para bandeira vermelha patamar 1, 59,5% para bandeira amarela e 3,2% para bandeira vermelha patamar 2. A bandeira verde n\u00e3o sofreu altera\u00e7\u00e3o, portanto segue sem cobran\u00e7a adicional.<\/p>\n<p>Sendo assim, a cada 100 kWh consumidos, a bandeira amarela passar\u00e1 de R$ 1,874 para R$ 2,989, a vermelha patamar 1 de R$ 3,971 para R$ 6,500 e a vermelha patamar 2 de R$ 9,492 para R$ 9,795.<\/p>\n<p>Mesmo que os valores aprovados tenham ficado acima aqueles colocados em consulta p\u00fablica, a Aneel defende os reajustes. Segundo a ag\u00eancia, a altera\u00e7\u00e3o foi necess\u00e1ria para inclus\u00e3o de alguns par\u00e2metros no c\u00e1lculo dos valores.<\/p>\n<p>Atualmente, a bandeira verde est\u00e1 em vigor na conta de luz dos brasileiros. Com isso, desde de 16 de abril n\u00e3o h\u00e1 cobran\u00e7a extra adicionada ao consumo de energia el\u00e9trica no pa\u00eds.<\/p>\n<p>Apesar dos reajustes, a Aneel acredita que a bandeira verde dever\u00e1 permanecer em vigor at\u00e9 o final do ano devido \u00e0 recupera\u00e7\u00e3o dos reservat\u00f3rios das hidrel\u00e9tricas. Contudo, vale lembrar que a Aneel divulga mensalmente qual patamar tarif\u00e1rio entrar\u00e1 em vigor no m\u00eas seguinte de acordo com o custo para produ\u00e7\u00e3o de energia.<\/p>\n<p>Algumas sugest\u00f5es foram levantadas durante a consulta p\u00fablica sobre o tema. Entre elas, criar uma nova bandeira. A Aneel, contudo, foi contr\u00e1ria \u00e0 ideia alegando que o caso precisa ser analisado &#8220;com parcim\u00f4nia&#8221;.<\/p>\n<p>Al\u00e9m disso, parte dos agentes defendeu uma revis\u00e3o da metodologia de c\u00e1lculo das bandeiras tarif\u00e1rias. Apesar dos diretores da ag\u00eancia reconhecerem que o c\u00e1lculo precisa de melhorias, o item foi negado para o ciclo de 2022-2023.<\/p>\n<p>Fonte: Yahoo not\u00edcias<\/p>\n","protected":false},"excerpt":{"rendered":"<p>A Ag\u00eancia Nacional de Energia El\u00e9trica (Aneel) aprovou nesta ter\u00e7a-feira (21) o reajuste nos valores das bandeiras tarif\u00e1rias. Elas s\u00e3o aplicadas na conta de luz&#8230;<\/p>\n","protected":false},"author":1527,"featured_media":39939,"comment_status":"closed","ping_status":"closed","sticky":false,"template":"","format":"standard","meta":{"footnotes":""},"categories":[6],"tags":[],"class_list":["post-39938","post","type-post","status-publish","format-standard","has-post-thumbnail","hentry","category-noticias"],"_links":{"self":[{"href":"https:\/\/www.sincomam.org.br\/index.php\/wp-json\/wp\/v2\/posts\/39938","targetHints":{"allow":["GET"]}}],"collection":[{"href":"https:\/\/www.sincomam.org.br\/index.php\/wp-json\/wp\/v2\/posts"}],"about":[{"href":"https:\/\/www.sincomam.org.br\/index.php\/wp-json\/wp\/v2\/types\/post"}],"author":[{"embeddable":true,"href":"https:\/\/www.sincomam.org.br\/index.php\/wp-json\/wp\/v2\/users\/1527"}],"replies":[{"embeddable":true,"href":"https:\/\/www.sincomam.org.br\/index.php\/wp-json\/wp\/v2\/comments?post=39938"}],"version-history":[{"count":1,"href":"https:\/\/www.sincomam.org.br\/index.php\/wp-json\/wp\/v2\/posts\/39938\/revisions"}],"predecessor-version":[{"id":39940,"href":"https:\/\/www.sincomam.org.br\/index.php\/wp-json\/wp\/v2\/posts\/39938\/revisions\/39940"}],"wp:featuredmedia":[{"embeddable":true,"href":"https:\/\/www.sincomam.org.br\/index.php\/wp-json\/wp\/v2\/media\/39939"}],"wp:attachment":[{"href":"https:\/\/www.sincomam.org.br\/index.php\/wp-json\/wp\/v2\/media?parent=39938"}],"wp:term":[{"taxonomy":"category","embeddable":true,"href":"https:\/\/www.sincomam.org.br\/index.php\/wp-json\/wp\/v2\/categories?post=39938"},{"taxonomy":"post_tag","embeddable":true,"href":"https:\/\/www.sincomam.org.br\/index.php\/wp-json\/wp\/v2\/tags?post=39938"}],"curies":[{"name":"wp","href":"https:\/\/api.w.org\/{rel}","templated":true}]}}