{"id":39919,"date":"2022-06-21T08:10:31","date_gmt":"2022-06-21T11:10:31","guid":{"rendered":"http:\/\/www.sincomam.org.br\/?p=39919"},"modified":"2022-06-21T09:49:04","modified_gmt":"2022-06-21T12:49:04","slug":"terminais-portuarios-combatem-empresas-de-navegacao-em-leilao","status":"publish","type":"post","link":"https:\/\/www.sincomam.org.br\/index.php\/terminais-portuarios-combatem-empresas-de-navegacao-em-leilao\/","title":{"rendered":"Terminais portu\u00e1rios combatem empresas de navega\u00e7\u00e3o em leil\u00e3o"},"content":{"rendered":"<p>Na disputa instalada em torno do modelo para a desestatiza\u00e7\u00e3o dos portos, a ABTP (Associa\u00e7\u00e3o Brasileira dos Terminais Portu\u00e1rios) levou a defesa de suas posi\u00e7\u00f5es ao TCU (tribunal de Contas da Uni\u00e3o) e ao Minist\u00e9rio da Infraestrutura neste m\u00eas.<\/p>\n<p>A entidade questiona a participa\u00e7\u00e3o das empresas de navega\u00e7\u00e3o no leil\u00e3o. O receio dos operadores portu\u00e1rios s\u00e3o as gigantes do transporte mar\u00edtimo MSC e Maersk.<\/p>\n<p>&#8220;A participa\u00e7\u00e3o indiscriminada e sem regulamenta\u00e7\u00e3o de grupos econ\u00f4micos que atuam no transporte mar\u00edtimo de cont\u00eaineres, os chamados armadores, nos processos licitat\u00f3rios pode, em m\u00e9dio e longo prazos, gerar aumento dos fretes, diminuir as rotas de escoamento da carga brasileira e provocar aumento no custo de outros elos da cadeia log\u00edstica em raz\u00e3o de pr\u00e1ticas anticoncorrenciais&#8221;, diz o diretor-presidente da ABTP, Jesualdo Silva, que neste m\u00eas esteve com o ministro Marcelo Sampaio.<\/p>\n<p>O setor afirma que a concentra\u00e7\u00e3o de mercado na m\u00e3o dos armadores pode provocar um direcionamento da carga para os terminais pr\u00f3prios das gigantes, prejudicando o restante do mercado.<\/p>\n<p>Para o presidente da ABTP, o chamado &#8220;self preferencing&#8221;, a prefer\u00eancia pelos pr\u00f3prios terminais, pode levar ao escoamento de carga para portos mais distantes do local de produ\u00e7\u00e3o, entre outros desequil\u00edbrios.<\/p>\n<p>Fontes: Folha SP<\/p>\n","protected":false},"excerpt":{"rendered":"<p>Na disputa instalada em torno do modelo para a desestatiza\u00e7\u00e3o dos portos, a ABTP (Associa\u00e7\u00e3o Brasileira dos Terminais Portu\u00e1rios) levou a defesa de suas posi\u00e7\u00f5es&#8230;<\/p>\n","protected":false},"author":1527,"featured_media":39210,"comment_status":"closed","ping_status":"closed","sticky":false,"template":"","format":"standard","meta":{"footnotes":""},"categories":[6],"tags":[],"class_list":["post-39919","post","type-post","status-publish","format-standard","has-post-thumbnail","hentry","category-noticias"],"_links":{"self":[{"href":"https:\/\/www.sincomam.org.br\/index.php\/wp-json\/wp\/v2\/posts\/39919","targetHints":{"allow":["GET"]}}],"collection":[{"href":"https:\/\/www.sincomam.org.br\/index.php\/wp-json\/wp\/v2\/posts"}],"about":[{"href":"https:\/\/www.sincomam.org.br\/index.php\/wp-json\/wp\/v2\/types\/post"}],"author":[{"embeddable":true,"href":"https:\/\/www.sincomam.org.br\/index.php\/wp-json\/wp\/v2\/users\/1527"}],"replies":[{"embeddable":true,"href":"https:\/\/www.sincomam.org.br\/index.php\/wp-json\/wp\/v2\/comments?post=39919"}],"version-history":[{"count":1,"href":"https:\/\/www.sincomam.org.br\/index.php\/wp-json\/wp\/v2\/posts\/39919\/revisions"}],"predecessor-version":[{"id":39921,"href":"https:\/\/www.sincomam.org.br\/index.php\/wp-json\/wp\/v2\/posts\/39919\/revisions\/39921"}],"wp:featuredmedia":[{"embeddable":true,"href":"https:\/\/www.sincomam.org.br\/index.php\/wp-json\/wp\/v2\/media\/39210"}],"wp:attachment":[{"href":"https:\/\/www.sincomam.org.br\/index.php\/wp-json\/wp\/v2\/media?parent=39919"}],"wp:term":[{"taxonomy":"category","embeddable":true,"href":"https:\/\/www.sincomam.org.br\/index.php\/wp-json\/wp\/v2\/categories?post=39919"},{"taxonomy":"post_tag","embeddable":true,"href":"https:\/\/www.sincomam.org.br\/index.php\/wp-json\/wp\/v2\/tags?post=39919"}],"curies":[{"name":"wp","href":"https:\/\/api.w.org\/{rel}","templated":true}]}}