{"id":39910,"date":"2022-06-21T08:00:05","date_gmt":"2022-06-21T11:00:05","guid":{"rendered":"http:\/\/www.sincomam.org.br\/?p=39910"},"modified":"2022-06-20T21:59:10","modified_gmt":"2022-06-21T00:59:10","slug":"draga-galileo-galilei-retorna-a-itajai-para-manutencao-do-calado","status":"publish","type":"post","link":"https:\/\/www.sincomam.org.br\/index.php\/draga-galileo-galilei-retorna-a-itajai-para-manutencao-do-calado\/","title":{"rendered":"Draga &#8220;Galileo Galilei&#8221; retorna a Itaja\u00ed para manuten\u00e7\u00e3o do calado"},"content":{"rendered":"<p>A draga &#8220;Galileo Galilei&#8221; retornou ao Porto de Itaja\u00ed em 15 de junho para fazer o trabalho de manuten\u00e7\u00e3o do calado, no Rio Itaja\u00ed-A\u00e7u. Os servi\u00e7os de dragagem foram solicitados devido \u00e0s fortes chuvas ocorridas na regi\u00e3o, afetando o fluxo de mar\u00e9 ao longo do complexo portu\u00e1rio de Itaja\u00ed e Navegantes, interditando o fluxo de embarca\u00e7\u00f5es de maior tonelagem.<\/p>\n<p>Juntamente \u00e0 &#8220;Galileo&#8221;, outra draga, &#8220;Water Injection&#8221;, tamb\u00e9m operou para a manuten\u00e7\u00e3o do canal. Esta a\u00e7\u00e3o conjunta permitiu dar ao canal de acesso um maior aprofundamento do rio, e, consequentemente, permitir que embarca\u00e7\u00f5es de maior porte possam circular.<\/p>\n<p>O equipamento \u00e9 uma draga do tipo Hopper, com capacidade de cisterna de 18.000m\u00b3, e est\u00e1 operando para reestabelecer a profundidade dos canais interno e externo entre 14 e 14,5 metros.<\/p>\n<p>A draga do tipo Hopper realiza opera\u00e7\u00f5es de rotina nos ber\u00e7os do Porto de Itaja\u00ed e Navegantes e est\u00e1 sujeita ao contrato que a autoridade portu\u00e1ria mant\u00e9m com a empresa Van Oord, cuja profundidade do calado, dentro da numera\u00e7\u00e3o de 14 a 14,5m, faz parte de uma exig\u00eancia contratual.<\/p>\n<p>Fonte: Portos e Navios<\/p>\n","protected":false},"excerpt":{"rendered":"<p>A draga &#8220;Galileo Galilei&#8221; retornou ao Porto de Itaja\u00ed em 15 de junho para fazer o trabalho de manuten\u00e7\u00e3o do calado, no Rio Itaja\u00ed-A\u00e7u. Os&#8230;<\/p>\n","protected":false},"author":1527,"featured_media":39911,"comment_status":"closed","ping_status":"closed","sticky":false,"template":"","format":"standard","meta":{"footnotes":""},"categories":[6],"tags":[],"class_list":["post-39910","post","type-post","status-publish","format-standard","has-post-thumbnail","hentry","category-noticias"],"_links":{"self":[{"href":"https:\/\/www.sincomam.org.br\/index.php\/wp-json\/wp\/v2\/posts\/39910","targetHints":{"allow":["GET"]}}],"collection":[{"href":"https:\/\/www.sincomam.org.br\/index.php\/wp-json\/wp\/v2\/posts"}],"about":[{"href":"https:\/\/www.sincomam.org.br\/index.php\/wp-json\/wp\/v2\/types\/post"}],"author":[{"embeddable":true,"href":"https:\/\/www.sincomam.org.br\/index.php\/wp-json\/wp\/v2\/users\/1527"}],"replies":[{"embeddable":true,"href":"https:\/\/www.sincomam.org.br\/index.php\/wp-json\/wp\/v2\/comments?post=39910"}],"version-history":[{"count":1,"href":"https:\/\/www.sincomam.org.br\/index.php\/wp-json\/wp\/v2\/posts\/39910\/revisions"}],"predecessor-version":[{"id":39912,"href":"https:\/\/www.sincomam.org.br\/index.php\/wp-json\/wp\/v2\/posts\/39910\/revisions\/39912"}],"wp:featuredmedia":[{"embeddable":true,"href":"https:\/\/www.sincomam.org.br\/index.php\/wp-json\/wp\/v2\/media\/39911"}],"wp:attachment":[{"href":"https:\/\/www.sincomam.org.br\/index.php\/wp-json\/wp\/v2\/media?parent=39910"}],"wp:term":[{"taxonomy":"category","embeddable":true,"href":"https:\/\/www.sincomam.org.br\/index.php\/wp-json\/wp\/v2\/categories?post=39910"},{"taxonomy":"post_tag","embeddable":true,"href":"https:\/\/www.sincomam.org.br\/index.php\/wp-json\/wp\/v2\/tags?post=39910"}],"curies":[{"name":"wp","href":"https:\/\/api.w.org\/{rel}","templated":true}]}}