{"id":39889,"date":"2022-06-20T00:08:27","date_gmt":"2022-06-20T03:08:27","guid":{"rendered":"http:\/\/www.sincomam.org.br\/?p=39889"},"modified":"2022-06-20T00:08:27","modified_gmt":"2022-06-20T03:08:27","slug":"setor-de-oleo-e-gas-critica-proposta-de-taxar-exportacoes-de-petroleo","status":"publish","type":"post","link":"https:\/\/www.sincomam.org.br\/index.php\/setor-de-oleo-e-gas-critica-proposta-de-taxar-exportacoes-de-petroleo\/","title":{"rendered":"Setor de \u00f3leo e g\u00e1s critica proposta de taxar exporta\u00e7\u00f5es de petr\u00f3leo"},"content":{"rendered":"<p>O IBP (Instituto Brasileiro de Petr\u00f3leo e G\u00e1s) afirmou neste domingo que n\u00e3o apoia o controle de pre\u00e7os na cadeia de abastecimento de combust\u00edveis nem a cria\u00e7\u00e3o de encargos sobre as exporta\u00e7\u00f5es de petr\u00f3leo.<\/p>\n<p>A manifesta\u00e7\u00e3o do instituto, que representa empresas do setor de \u00f3leo e g\u00e1s, veio ap\u00f3s a abertura de mais uma ofensiva do presidente Jair Bolsonaro (PL) e de parlamentares contra a Petrobras. A press\u00e3o pol\u00edtica tem como pano de fundo a alta dos combust\u00edveis \u00e0s v\u00e9speras das elei\u00e7\u00f5es.<\/p>\n<p>Na sexta-feira (17), a Petrobras anunciou reajuste nos valores da gasolina e do \u00f3leo diesel nas refinarias, o que irritou Bolsonaro e aliados, que temem os impactos da infla\u00e7\u00e3o em meio \u00e0 corrida eleitoral.<\/p>\n<p>Nesse contexto, governo e parlamentares pretendem discutir medidas para conter a disparada dos combust\u00edveis, e uma das iniciativas cogitadas \u00e9 taxar as exporta\u00e7\u00f5es de petr\u00f3leo.<\/p>\n<p>&#8220;O IBP n\u00e3o apoia o controle de pre\u00e7os na cadeia de abastecimento ou a cria\u00e7\u00e3o de gravames \u00e0 exporta\u00e7\u00e3o de petr\u00f3leo&#8221;, afirmou o instituto em nota.<\/p>\n<p>O comunicado defende medidas como a manuten\u00e7\u00e3o do programa de desinvestimentos da Petrobras, reforma tribut\u00e1ria &#8220;ampla&#8221; e programas sociais focados nos &#8220;setores mais sens\u00edveis&#8221; \u00e0 eleva\u00e7\u00e3o dos pre\u00e7os, como caminhoneiros, motoristas de aplicativos e fam\u00edlias que recebem aux\u00edlio para compra de g\u00e1s.<\/p>\n<p>Bolsonaro chegou a dizer que o aumento da gasolina e do diesel era uma &#8220;trai\u00e7\u00e3o com o povo brasileiro&#8221;. Ele tamb\u00e9m indicou uma articula\u00e7\u00e3o com a c\u00fapula da C\u00e2mara dos Deputados para cria\u00e7\u00e3o de uma CPI (Comiss\u00e3o Parlamentar de Inqu\u00e9rito) que investigue a dire\u00e7\u00e3o da estatal.<\/p>\n<p>&#8220;Porque n\u00f3s queremos saber se tem algo errado nessa conduta deles. \u00c9 inconceb\u00edvel conceder um reajuste com combust\u00edvel l\u00e1 em cima e com os lucros exorbitantes que a Petrobras est\u00e1 tendo&#8221;, disse Bolsonaro na sexta.<\/p>\n<p>J\u00e1 o presidente da C\u00e2mara, deputado Arthur Lira (PP-AL), afirmou \u00e0 Folha que &#8220;vai para o pau&#8221; para &#8220;rever tudo de pre\u00e7os&#8221; de combust\u00edveis. O parlamentar relatou que vai trabalhar para taxar o lucro da Petrobras.<\/p>\n<p>Lideran\u00e7as na C\u00e2mara tamb\u00e9m querem debater a ideia de taxar as exporta\u00e7\u00f5es de petr\u00f3leo. Os recursos arrecadados com o tributo, que hoje n\u00e3o \u00e9 cobrado, seriam usados como subs\u00eddios para reduzir o diesel, segundo um dos autores da proposta, o deputado Danilo Forte (Uni\u00e3o Brasil-CE).<\/p>\n<p>A atual pol\u00edtica de pre\u00e7os da Petrobras leva em conta as cota\u00e7\u00f5es do petr\u00f3leo no mercado internacional e a varia\u00e7\u00e3o da taxa de c\u00e2mbio. Especialistas, contudo, dizem que o reajuste mais recente ainda n\u00e3o foi suficiente para zerar a defasagem em rela\u00e7\u00e3o aos valores internacionais.<\/p>\n<p>&#8220;\u00c9 necess\u00e1rio refor\u00e7ar que o pre\u00e7o do combust\u00edvel n\u00e3o \u00e9 uma vari\u00e1vel de escolha de uma determinada empresa, mas, sim, o resultado da oferta e da procura global&#8221;, disse o IBP neste domingo.<\/p>\n<p>Na vis\u00e3o do instituto, o alinhamento \u00e0 realidade internacional \u00e9 um &#8220;elemento fundamental&#8221; para a garantia de investimentos no setor, competitividade das empresas e &#8220;oferta adequada&#8221; dos produtos no mercado nacional.<\/p>\n<p>O Congresso j\u00e1 concluiu a vota\u00e7\u00e3o de um projeto de lei que estabelece um teto para al\u00edquotas do ICMS sobre combust\u00edveis, uma das apostas do governo na corrida eleitoral.<\/p>\n<p>Os parlamentares ainda devem debater a chamada PEC dos Combust\u00edveis. A proposta autoriza o governo a zerar tributos federais sobre a gasolina e compensar estados que decidam reduzir o ICMS sobre o diesel e o g\u00e1s de cozinha.<\/p>\n<p>&#8220;As recentes medidas em boa hora aprovadas pelo Congresso Nacional e com apoio do Poder Executivo, que promovem a redu\u00e7\u00e3o tribut\u00e1ria nos derivados de petr\u00f3leo e biocombust\u00edveis, s\u00e3o sinaliza\u00e7\u00f5es importantes e mostram que as lideran\u00e7as pol\u00edticas nacionais est\u00e3o no caminho certo ao perseguir a simplifica\u00e7\u00e3o tribut\u00e1ria e introduzir maior competitividade na cadeia produtiva, com benef\u00edcios para o mercado e a sociedade&#8221;, afirmou o IBP.<\/p>\n<p>Fonte: Folha SP<\/p>\n","protected":false},"excerpt":{"rendered":"<p>O IBP (Instituto Brasileiro de Petr\u00f3leo e G\u00e1s) afirmou neste domingo que n\u00e3o apoia o controle de pre\u00e7os na cadeia de abastecimento de combust\u00edveis nem&#8230;<\/p>\n","protected":false},"author":1527,"featured_media":39890,"comment_status":"closed","ping_status":"closed","sticky":false,"template":"","format":"standard","meta":{"footnotes":""},"categories":[6],"tags":[],"class_list":["post-39889","post","type-post","status-publish","format-standard","has-post-thumbnail","hentry","category-noticias"],"_links":{"self":[{"href":"https:\/\/www.sincomam.org.br\/index.php\/wp-json\/wp\/v2\/posts\/39889","targetHints":{"allow":["GET"]}}],"collection":[{"href":"https:\/\/www.sincomam.org.br\/index.php\/wp-json\/wp\/v2\/posts"}],"about":[{"href":"https:\/\/www.sincomam.org.br\/index.php\/wp-json\/wp\/v2\/types\/post"}],"author":[{"embeddable":true,"href":"https:\/\/www.sincomam.org.br\/index.php\/wp-json\/wp\/v2\/users\/1527"}],"replies":[{"embeddable":true,"href":"https:\/\/www.sincomam.org.br\/index.php\/wp-json\/wp\/v2\/comments?post=39889"}],"version-history":[{"count":1,"href":"https:\/\/www.sincomam.org.br\/index.php\/wp-json\/wp\/v2\/posts\/39889\/revisions"}],"predecessor-version":[{"id":39891,"href":"https:\/\/www.sincomam.org.br\/index.php\/wp-json\/wp\/v2\/posts\/39889\/revisions\/39891"}],"wp:featuredmedia":[{"embeddable":true,"href":"https:\/\/www.sincomam.org.br\/index.php\/wp-json\/wp\/v2\/media\/39890"}],"wp:attachment":[{"href":"https:\/\/www.sincomam.org.br\/index.php\/wp-json\/wp\/v2\/media?parent=39889"}],"wp:term":[{"taxonomy":"category","embeddable":true,"href":"https:\/\/www.sincomam.org.br\/index.php\/wp-json\/wp\/v2\/categories?post=39889"},{"taxonomy":"post_tag","embeddable":true,"href":"https:\/\/www.sincomam.org.br\/index.php\/wp-json\/wp\/v2\/tags?post=39889"}],"curies":[{"name":"wp","href":"https:\/\/api.w.org\/{rel}","templated":true}]}}