{"id":39886,"date":"2022-06-20T00:05:41","date_gmt":"2022-06-20T03:05:41","guid":{"rendered":"http:\/\/www.sincomam.org.br\/?p=39886"},"modified":"2022-06-19T23:56:12","modified_gmt":"2022-06-20T02:56:12","slug":"apos-alta-do-diesel-pela-petrobras-empresas-de-transporte-vao-reajustar-preco-do-frete-em-5","status":"publish","type":"post","link":"https:\/\/www.sincomam.org.br\/index.php\/apos-alta-do-diesel-pela-petrobras-empresas-de-transporte-vao-reajustar-preco-do-frete-em-5\/","title":{"rendered":"Ap\u00f3s alta do diesel pela Petrobras, empresas de transporte v\u00e3o reajustar pre\u00e7o do frete em 5%"},"content":{"rendered":"<p>A Associa\u00e7\u00e3o Nacional do Transporte de Cargas e Log\u00edstica (NTC&#038;Log\u00edstica) disse que o reajuste da Petrobras, anunciado na \u00faltima sexta-feira, vai acarretar a necessidade de reajuste adicional de no m\u00ednimo 5% no valor dos fretes.<\/p>\n<p>Segundo a associa\u00e7\u00e3o, essa reajuste vai ser aplicado de forma &#8220;emergencial&#8221; nos fretes. A associa\u00e7\u00e3o representa 15 mil empresas de transporte rodovi\u00e1rio de cargas, al\u00e9m de sindicatos e federa\u00e7\u00f5es das empresas em todo o Brasil.<\/p>\n<p>&#8220;\u00c9 imprescind\u00edvel para manter a contento a sa\u00fade financeira das empresas transportadoras que sejam repassados de forma imediata o acumulado dos aumentos de combust\u00edvel&#8221;, destacou em nota.<\/p>\n<p>Em nota, a NTC&#038;Log\u00edstica lembrou que o pre\u00e7o do diesel no acumulado do ano teve alta m\u00e9dia 28,93% nas bombas. Desde junho do ano passado, o avan\u00e7o chega a 52,69%.<\/p>\n<p>&#8220;Nos 12 \u00faltimos meses, os insumos do transporte rodovi\u00e1rio de cargas v\u00eam sofrendo grande press\u00e3o, os fornecedores das empresas de transporte, est\u00e3o ajustando os seus custos de produ\u00e7\u00e3o e, consequentemente repassando essas press\u00f5es para os transportadores&#8221;, disse a NTC&#038;Log\u00edstica em nota.<\/p>\n<p>&#8211; O peso do combust\u00edvel na atividade de transporte tem uma representatividade m\u00e9dia de 35% para uma transportadora, podendo chegar a 50% &#8211; disse Fernando Silva, economista da NTC&#038;Log\u00edstica.<\/p>\n<p>Fonte: Jornal Extra<\/p>\n","protected":false},"excerpt":{"rendered":"<p>A Associa\u00e7\u00e3o Nacional do Transporte de Cargas e Log\u00edstica (NTC&#038;Log\u00edstica) disse que o reajuste da Petrobras, anunciado na \u00faltima sexta-feira, vai acarretar a necessidade de&#8230;<\/p>\n","protected":false},"author":1527,"featured_media":39245,"comment_status":"closed","ping_status":"closed","sticky":false,"template":"","format":"standard","meta":{"footnotes":""},"categories":[6],"tags":[],"class_list":["post-39886","post","type-post","status-publish","format-standard","has-post-thumbnail","hentry","category-noticias"],"_links":{"self":[{"href":"https:\/\/www.sincomam.org.br\/index.php\/wp-json\/wp\/v2\/posts\/39886","targetHints":{"allow":["GET"]}}],"collection":[{"href":"https:\/\/www.sincomam.org.br\/index.php\/wp-json\/wp\/v2\/posts"}],"about":[{"href":"https:\/\/www.sincomam.org.br\/index.php\/wp-json\/wp\/v2\/types\/post"}],"author":[{"embeddable":true,"href":"https:\/\/www.sincomam.org.br\/index.php\/wp-json\/wp\/v2\/users\/1527"}],"replies":[{"embeddable":true,"href":"https:\/\/www.sincomam.org.br\/index.php\/wp-json\/wp\/v2\/comments?post=39886"}],"version-history":[{"count":1,"href":"https:\/\/www.sincomam.org.br\/index.php\/wp-json\/wp\/v2\/posts\/39886\/revisions"}],"predecessor-version":[{"id":39887,"href":"https:\/\/www.sincomam.org.br\/index.php\/wp-json\/wp\/v2\/posts\/39886\/revisions\/39887"}],"wp:featuredmedia":[{"embeddable":true,"href":"https:\/\/www.sincomam.org.br\/index.php\/wp-json\/wp\/v2\/media\/39245"}],"wp:attachment":[{"href":"https:\/\/www.sincomam.org.br\/index.php\/wp-json\/wp\/v2\/media?parent=39886"}],"wp:term":[{"taxonomy":"category","embeddable":true,"href":"https:\/\/www.sincomam.org.br\/index.php\/wp-json\/wp\/v2\/categories?post=39886"},{"taxonomy":"post_tag","embeddable":true,"href":"https:\/\/www.sincomam.org.br\/index.php\/wp-json\/wp\/v2\/tags?post=39886"}],"curies":[{"name":"wp","href":"https:\/\/api.w.org\/{rel}","templated":true}]}}