{"id":39884,"date":"2022-06-20T00:10:38","date_gmt":"2022-06-20T03:10:38","guid":{"rendered":"http:\/\/www.sincomam.org.br\/?p=39884"},"modified":"2022-06-20T01:01:27","modified_gmt":"2022-06-20T04:01:27","slug":"com-a-possibilidade-da-interrupcao-do-servico-de-barcas-no-rj-alerj-convoca-audiencia-para-debater-nova-licitacao-do-transporte-aquaviario","status":"publish","type":"post","link":"https:\/\/www.sincomam.org.br\/index.php\/com-a-possibilidade-da-interrupcao-do-servico-de-barcas-no-rj-alerj-convoca-audiencia-para-debater-nova-licitacao-do-transporte-aquaviario\/","title":{"rendered":"Possibilidade da interrup\u00e7\u00e3o do servi\u00e7o de barcas no RJ faz Alerj convocar audi\u00eancia para debater nova licita\u00e7\u00e3o"},"content":{"rendered":"<p>A Frente Parlamentar em Defesa do Transporte Aquavi\u00e1rio far\u00e1, nesta segunda, uma audi\u00eancia p\u00fablica para debater o futuro da oferta do servi\u00e7o das Barcas no Rio de Janeiro. Em fevereiro de 2023 expira a concess\u00e3o atual e a CCR j\u00e1 disse que n\u00e3o quer continuar administrando o servi\u00e7o. A Secretaria Estadual de Transportes e a UFRJ, que far\u00e1 a modelagem da nova concess\u00e3o, j\u00e1 confirmaram presen\u00e7a.<\/p>\n<p>&#8211; Queremos ouvir a secretaria de transportes e a UFRJ, nova  contratada para a modelagem da licita\u00e7\u00e3o, sobre como planejam o futuro das barcas e garantir que n\u00e3o haja interrup\u00e7\u00e3o do servi\u00e7o. O governo j\u00e1 perdeu todos os prazos, vamos trabalhar para que pelo menos o processo seja bem feito garantindo participa\u00e7\u00e3o da popula\u00e7\u00e3o e melhorias estruturais &#8211; diz Serafini. <\/p>\n<p>Outras demandas que ser\u00e3o levantadas na audi\u00eancia, al\u00e9m da manuten\u00e7\u00e3o do servi\u00e7o com o fim da atual concess\u00e3o, tai como: a pol\u00edtica de cria\u00e7\u00e3o de novas linhas (como a esta\u00e7\u00e3o em S\u00e3o Gon\u00e7alo), a amplia\u00e7\u00e3o dos hor\u00e1rios de viagens para Paquet\u00e1, Cocot\u00e1 e Niter\u00f3i, a implementa\u00e7\u00e3o da linha social em Charitas e a busca pela redu\u00e7\u00e3o do valor da tarifa.<\/p>\n<p>Fonte: Alerj<\/p>\n","protected":false},"excerpt":{"rendered":"<p>A Frente Parlamentar em Defesa do Transporte Aquavi\u00e1rio far\u00e1, nesta segunda, uma audi\u00eancia p\u00fablica para debater o futuro da oferta do servi\u00e7o das Barcas no&#8230;<\/p>\n","protected":false},"author":1527,"featured_media":8878,"comment_status":"closed","ping_status":"closed","sticky":false,"template":"","format":"standard","meta":{"footnotes":""},"categories":[6],"tags":[],"class_list":["post-39884","post","type-post","status-publish","format-standard","has-post-thumbnail","hentry","category-noticias"],"_links":{"self":[{"href":"https:\/\/www.sincomam.org.br\/index.php\/wp-json\/wp\/v2\/posts\/39884","targetHints":{"allow":["GET"]}}],"collection":[{"href":"https:\/\/www.sincomam.org.br\/index.php\/wp-json\/wp\/v2\/posts"}],"about":[{"href":"https:\/\/www.sincomam.org.br\/index.php\/wp-json\/wp\/v2\/types\/post"}],"author":[{"embeddable":true,"href":"https:\/\/www.sincomam.org.br\/index.php\/wp-json\/wp\/v2\/users\/1527"}],"replies":[{"embeddable":true,"href":"https:\/\/www.sincomam.org.br\/index.php\/wp-json\/wp\/v2\/comments?post=39884"}],"version-history":[{"count":3,"href":"https:\/\/www.sincomam.org.br\/index.php\/wp-json\/wp\/v2\/posts\/39884\/revisions"}],"predecessor-version":[{"id":39905,"href":"https:\/\/www.sincomam.org.br\/index.php\/wp-json\/wp\/v2\/posts\/39884\/revisions\/39905"}],"wp:featuredmedia":[{"embeddable":true,"href":"https:\/\/www.sincomam.org.br\/index.php\/wp-json\/wp\/v2\/media\/8878"}],"wp:attachment":[{"href":"https:\/\/www.sincomam.org.br\/index.php\/wp-json\/wp\/v2\/media?parent=39884"}],"wp:term":[{"taxonomy":"category","embeddable":true,"href":"https:\/\/www.sincomam.org.br\/index.php\/wp-json\/wp\/v2\/categories?post=39884"},{"taxonomy":"post_tag","embeddable":true,"href":"https:\/\/www.sincomam.org.br\/index.php\/wp-json\/wp\/v2\/tags?post=39884"}],"curies":[{"name":"wp","href":"https:\/\/api.w.org\/{rel}","templated":true}]}}