{"id":39879,"date":"2022-06-17T09:50:20","date_gmt":"2022-06-17T12:50:20","guid":{"rendered":"http:\/\/www.sincomam.org.br\/?p=39879"},"modified":"2022-06-17T09:50:20","modified_gmt":"2022-06-17T12:50:20","slug":"antaq-realizara-audiencia-publica-sobre-licitacao-de-area-portuaria-em-santos-sp-no-dia-23","status":"publish","type":"post","link":"https:\/\/www.sincomam.org.br\/index.php\/antaq-realizara-audiencia-publica-sobre-licitacao-de-area-portuaria-em-santos-sp-no-dia-23\/","title":{"rendered":"ANTAQ REALIZAR\u00c1 AUDI\u00caNCIA P\u00daBLICA SOBRE LICITA\u00c7\u00c3O DE \u00c1REA PORTU\u00c1RIA EM SANTOS (SP) NO DIA 23"},"content":{"rendered":"<p>A ANTAQ realizar\u00e1 audi\u00eancia p\u00fablica, no modelo virtual, para obter contribui\u00e7\u00f5es visando ao aprimoramento da documenta\u00e7\u00e3o relativa \u00e0 licita\u00e7\u00e3o da \u00e1rea STS53, no Porto de Santos (SP). A \u00e1rea ser\u00e1 destinada \u00e0 instala\u00e7\u00e3o de terminal dedicado \u00e0 movimenta\u00e7\u00e3o e armazenagem de gran\u00e9is s\u00f3lidos minerais, especialmente adubos (fertilizantes) e sulfatos. A reuni\u00e3o acontecer\u00e1 a partir das 15h, no dia 23.<\/p>\n<p>Al\u00e9m de definir a data da audi\u00eancia, a Ag\u00eancia tamb\u00e9m prorrogou o prazo de envio de contribui\u00e7\u00f5es, por meio de formul\u00e1rio eletr\u00f4nico, para o dia 30 de junho.<\/p>\n<p>A \u00e1rea a ser licitada \u00e9 de 87.981 metros quadrados. O arrendat\u00e1rio assinar\u00e1 contrato de 25 anos. A receita bruta global alcan\u00e7ar\u00e1 R$ 6 bilh\u00f5es. Os investimentos totais ser\u00e3o de R$ 658,8 milh\u00f5es. A movimenta\u00e7\u00e3o total atingir\u00e1 89,8 milh\u00f5es de toneladas.<\/p>\n<p><strong>Din\u00e2mica da Audi\u00eancia P\u00fablica<\/strong><\/p>\n<p>Toda a sess\u00e3o virtual ser\u00e1 transmitida via streaming para a Internet, gravada e disponibilizada no canal da ANTAQ no Youtube. Nesse caso, n\u00e3o \u00e9 necess\u00e1rio realizar inscri\u00e7\u00e3o para assistir \u00e0 Audi\u00eancia P\u00fablica.<\/p>\n<p>J\u00e1 os interessados em manifestar-se na audi\u00eancia dever\u00e3o se inscrever pelo aplicativo de mensagens \u201cWhatsapp\u201d no n\u00famero (61) 2029-6940. O per\u00edodo de inscri\u00e7\u00e3o ser\u00e1 das 9h \u00e0s 14h do dia 22 de junho. As contribui\u00e7\u00f5es poder\u00e3o ser enviadas por v\u00eddeo, \u00e1udio ou at\u00e9 mesmo por escrito pelo aplicativo.<\/p>\n<p>Os participantes tamb\u00e9m poder\u00e3o se manifestar na sala de reuni\u00e3o criada na plataforma \u201cZoom\u201d. Para isso, no ato de inscri\u00e7\u00e3o, o interessado dever\u00e1 se manifestar nesse sentido e encaminhar seu endere\u00e7o eletr\u00f4nico de login no \u201cZoom\u201d para ser convidado a entrar na sala virtual.<\/p>\n<p>Em caso de problemas computacionais para utiliza\u00e7\u00e3o da ferramenta \u201cZoom\u201d, ser\u00e1 realizada uma segunda tentativa de conex\u00e3o ao final de todas as contribui\u00e7\u00f5es ou o interessado poder\u00e1 encaminhar sua contribui\u00e7\u00e3o pelo \u201cWhatsapp\u201d.<\/p>\n<p>Fonte: Informativo dos Portos<\/p>\n","protected":false},"excerpt":{"rendered":"<p>A ANTAQ realizar\u00e1 audi\u00eancia p\u00fablica, no modelo virtual, para obter contribui\u00e7\u00f5es visando ao aprimoramento da documenta\u00e7\u00e3o relativa \u00e0 licita\u00e7\u00e3o da \u00e1rea STS53, no Porto de&#8230;<\/p>\n","protected":false},"author":1527,"featured_media":39880,"comment_status":"closed","ping_status":"closed","sticky":false,"template":"","format":"standard","meta":{"footnotes":""},"categories":[6],"tags":[],"class_list":["post-39879","post","type-post","status-publish","format-standard","has-post-thumbnail","hentry","category-noticias"],"_links":{"self":[{"href":"https:\/\/www.sincomam.org.br\/index.php\/wp-json\/wp\/v2\/posts\/39879","targetHints":{"allow":["GET"]}}],"collection":[{"href":"https:\/\/www.sincomam.org.br\/index.php\/wp-json\/wp\/v2\/posts"}],"about":[{"href":"https:\/\/www.sincomam.org.br\/index.php\/wp-json\/wp\/v2\/types\/post"}],"author":[{"embeddable":true,"href":"https:\/\/www.sincomam.org.br\/index.php\/wp-json\/wp\/v2\/users\/1527"}],"replies":[{"embeddable":true,"href":"https:\/\/www.sincomam.org.br\/index.php\/wp-json\/wp\/v2\/comments?post=39879"}],"version-history":[{"count":1,"href":"https:\/\/www.sincomam.org.br\/index.php\/wp-json\/wp\/v2\/posts\/39879\/revisions"}],"predecessor-version":[{"id":39881,"href":"https:\/\/www.sincomam.org.br\/index.php\/wp-json\/wp\/v2\/posts\/39879\/revisions\/39881"}],"wp:featuredmedia":[{"embeddable":true,"href":"https:\/\/www.sincomam.org.br\/index.php\/wp-json\/wp\/v2\/media\/39880"}],"wp:attachment":[{"href":"https:\/\/www.sincomam.org.br\/index.php\/wp-json\/wp\/v2\/media?parent=39879"}],"wp:term":[{"taxonomy":"category","embeddable":true,"href":"https:\/\/www.sincomam.org.br\/index.php\/wp-json\/wp\/v2\/categories?post=39879"},{"taxonomy":"post_tag","embeddable":true,"href":"https:\/\/www.sincomam.org.br\/index.php\/wp-json\/wp\/v2\/tags?post=39879"}],"curies":[{"name":"wp","href":"https:\/\/api.w.org\/{rel}","templated":true}]}}