{"id":39866,"date":"2022-06-17T00:01:28","date_gmt":"2022-06-17T03:01:28","guid":{"rendered":"http:\/\/www.sincomam.org.br\/?p=39866"},"modified":"2022-06-17T00:01:28","modified_gmt":"2022-06-17T03:01:28","slug":"navio-oceanografico-antares-realiza-rodizio-e-manutencao-de-boias-meteoceanograficas","status":"publish","type":"post","link":"https:\/\/www.sincomam.org.br\/index.php\/navio-oceanografico-antares-realiza-rodizio-e-manutencao-de-boias-meteoceanograficas\/","title":{"rendered":"Navio Oceanogr\u00e1fico \u201cAntares\u201d realiza rod\u00edzio e manuten\u00e7\u00e3o de boias meteoceanogr\u00e1ficas"},"content":{"rendered":"<p>Desde o dia 16 de maio, o Navio Oceanogr\u00e1fico (NOc) \u201cAntares\u201d encontra-se percorrendo a Amaz\u00f4nia Azul, com a Comiss\u00e3o \u201cPIRATA BR XXII\u201d, em apoio ao Projeto Prediction and Research Moored Array in the Tropical Atlantic (PIRATA), iniciativa de institui\u00e7\u00f5es cient\u00edficas do Brasil, Estados Unidos e Fran\u00e7a, com a finalidade de estudar as intera\u00e7\u00f5es entre o oceano e a atmosfera no Atl\u00e2ntico Tropical.<\/p>\n<p>A comiss\u00e3o tem como objetivo a manuten\u00e7\u00e3o das oito boias sob responsabilidade do Brasil, destinadas \u00e0 coleta de dados meteoceanogr\u00e1ficos, e conta com a participa\u00e7\u00e3o de pesquisadores do Instituto Nacional de Pesquisas Espaciais (INPE). Ao realizar a transmiss\u00e3o de dados em tempo real, consolida-se como uma importante rede de observa\u00e7\u00e3o in situ, composta por boias planejadas para monitorar uma s\u00e9rie de vari\u00e1veis dos processos de intera\u00e7\u00e3o oceano-atmosfera no Atl\u00e2ntico.<\/p>\n<p>Em mais de 20 anos de observa\u00e7\u00e3o cont\u00ednua, os dados coletados por esse sistema de boias geraram cerca de 270 artigos cient\u00edficos, constituindo-se em refer\u00eancia para a compreens\u00e3o de como o Atl\u00e2ntico Tropical responde \u00e0s mudan\u00e7as do clima e como ele afeta a vida no planeta, em especial no Brasil, permitindo maior previsibilidade, principalmente para o setor agr\u00edcola, contribuindo com o desenvolvimento econ\u00f4mico e social do Pa\u00eds.<\/p>\n<p>Fonte: Defesa em Foco<\/p>\n","protected":false},"excerpt":{"rendered":"<p>Desde o dia 16 de maio, o Navio Oceanogr\u00e1fico (NOc) \u201cAntares\u201d encontra-se percorrendo a Amaz\u00f4nia Azul, com a Comiss\u00e3o \u201cPIRATA BR XXII\u201d, em apoio ao&#8230;<\/p>\n","protected":false},"author":1527,"featured_media":39867,"comment_status":"closed","ping_status":"closed","sticky":false,"template":"","format":"standard","meta":{"footnotes":""},"categories":[6],"tags":[],"class_list":["post-39866","post","type-post","status-publish","format-standard","has-post-thumbnail","hentry","category-noticias"],"_links":{"self":[{"href":"https:\/\/www.sincomam.org.br\/index.php\/wp-json\/wp\/v2\/posts\/39866","targetHints":{"allow":["GET"]}}],"collection":[{"href":"https:\/\/www.sincomam.org.br\/index.php\/wp-json\/wp\/v2\/posts"}],"about":[{"href":"https:\/\/www.sincomam.org.br\/index.php\/wp-json\/wp\/v2\/types\/post"}],"author":[{"embeddable":true,"href":"https:\/\/www.sincomam.org.br\/index.php\/wp-json\/wp\/v2\/users\/1527"}],"replies":[{"embeddable":true,"href":"https:\/\/www.sincomam.org.br\/index.php\/wp-json\/wp\/v2\/comments?post=39866"}],"version-history":[{"count":1,"href":"https:\/\/www.sincomam.org.br\/index.php\/wp-json\/wp\/v2\/posts\/39866\/revisions"}],"predecessor-version":[{"id":39868,"href":"https:\/\/www.sincomam.org.br\/index.php\/wp-json\/wp\/v2\/posts\/39866\/revisions\/39868"}],"wp:featuredmedia":[{"embeddable":true,"href":"https:\/\/www.sincomam.org.br\/index.php\/wp-json\/wp\/v2\/media\/39867"}],"wp:attachment":[{"href":"https:\/\/www.sincomam.org.br\/index.php\/wp-json\/wp\/v2\/media?parent=39866"}],"wp:term":[{"taxonomy":"category","embeddable":true,"href":"https:\/\/www.sincomam.org.br\/index.php\/wp-json\/wp\/v2\/categories?post=39866"},{"taxonomy":"post_tag","embeddable":true,"href":"https:\/\/www.sincomam.org.br\/index.php\/wp-json\/wp\/v2\/tags?post=39866"}],"curies":[{"name":"wp","href":"https:\/\/api.w.org\/{rel}","templated":true}]}}