{"id":39863,"date":"2022-06-17T00:00:10","date_gmt":"2022-06-17T03:00:10","guid":{"rendered":"http:\/\/www.sincomam.org.br\/?p=39863"},"modified":"2022-06-17T00:00:10","modified_gmt":"2022-06-17T03:00:10","slug":"ricardo-falcao-mais-4-anos-na-impa","status":"publish","type":"post","link":"https:\/\/www.sincomam.org.br\/index.php\/ricardo-falcao-mais-4-anos-na-impa\/","title":{"rendered":"Ricardo Falc\u00e3o mais 4 anos na Impa"},"content":{"rendered":"<p>O presidente da Praticagem do Brasil, pr\u00e1tico Ricardo Falc\u00e3o, foi reconduzido para novo mandato de quatro anos \u00e0 frente de uma das vice-presid\u00eancias da Associa\u00e7\u00e3o Internacional de Pr\u00e1ticos Mar\u00edtimos (Impa, na sigla em ingl\u00eas). A elei\u00e7\u00e3o ocorreu na \u00faltima ter\u00e7a-feira (14), durante o 25\u00ba congresso da entidade, em Canc\u00fan, no M\u00e9xico.<\/p>\n<p>Simon Pelletier (Canad\u00e1) tamb\u00e9m foi reeleito presidente da Impa. J\u00e1 o vice-presidente s\u00eanior ser\u00e1 Alvaro Moreno (Panam\u00e1), ex-vice-presidente que substitui Jean-Philippe Casanova (Fran\u00e7a). Completam as vice-presid\u00eancias: Adam Roberts (Austr\u00e1lia), Sang-Min Goag (Cor\u00e9ia), Andr\u00e9 Gaillard (Fran\u00e7a) e Paul Schoneveld (Reino Unido).<\/p>\n<p>Criada em 1971, a Impa re\u00fane associa\u00e7\u00f5es de praticagem do mundo inteiro, sendo o Conselho Nacional de Praticagem um dos seus filiados desde 1981. O objetivo da associa\u00e7\u00e3o \u00e9 trocar experi\u00eancias, buscar solu\u00e7\u00f5es para problemas comuns e representar os pr\u00e1ticos na comunidade mar\u00edtima mundial, especialmente na Organiza\u00e7\u00e3o Mar\u00edtima Internacional (IMO), ag\u00eancia da Organiza\u00e7\u00e3o das Na\u00e7\u00f5es Unidas (ONU) que regulamenta os procedimentos de seguran\u00e7a da navega\u00e7\u00e3o.<\/p>\n<p>Como vice-presidente da Impa h\u00e1 oito anos, Falc\u00e3o acompanha as discuss\u00f5es no Comit\u00ea de Seguran\u00e7a Mar\u00edtima da IMO, f\u00f3rum no qual s\u00e3o debatidos temas relevantes para os pa\u00edses e seus poss\u00edveis desdobramentos em regula\u00e7\u00f5es internacionais.<\/p>\n<p>O congresso da Impa vai at\u00e9 a pr\u00f3xima sexta-feira (17). Na quinta-feira, Ricardo Falc\u00e3o ser\u00e1 mediador de um painel de discuss\u00e3o sobre desenvolvimento profissional. Seguran\u00e7a dos pr\u00e1ticos no embarque e desembarque, manobras com navios de grande porte, pol\u00edticas governamentais e meio ambiente s\u00e3o outros temas em debate na programa\u00e7\u00e3o.<\/p>\n<p>Fonte: Portos e Navios<\/p>\n","protected":false},"excerpt":{"rendered":"<p>O presidente da Praticagem do Brasil, pr\u00e1tico Ricardo Falc\u00e3o, foi reconduzido para novo mandato de quatro anos \u00e0 frente de uma das vice-presid\u00eancias da Associa\u00e7\u00e3o&#8230;<\/p>\n","protected":false},"author":1527,"featured_media":39864,"comment_status":"closed","ping_status":"closed","sticky":false,"template":"","format":"standard","meta":{"footnotes":""},"categories":[6],"tags":[],"class_list":["post-39863","post","type-post","status-publish","format-standard","has-post-thumbnail","hentry","category-noticias"],"_links":{"self":[{"href":"https:\/\/www.sincomam.org.br\/index.php\/wp-json\/wp\/v2\/posts\/39863","targetHints":{"allow":["GET"]}}],"collection":[{"href":"https:\/\/www.sincomam.org.br\/index.php\/wp-json\/wp\/v2\/posts"}],"about":[{"href":"https:\/\/www.sincomam.org.br\/index.php\/wp-json\/wp\/v2\/types\/post"}],"author":[{"embeddable":true,"href":"https:\/\/www.sincomam.org.br\/index.php\/wp-json\/wp\/v2\/users\/1527"}],"replies":[{"embeddable":true,"href":"https:\/\/www.sincomam.org.br\/index.php\/wp-json\/wp\/v2\/comments?post=39863"}],"version-history":[{"count":1,"href":"https:\/\/www.sincomam.org.br\/index.php\/wp-json\/wp\/v2\/posts\/39863\/revisions"}],"predecessor-version":[{"id":39865,"href":"https:\/\/www.sincomam.org.br\/index.php\/wp-json\/wp\/v2\/posts\/39863\/revisions\/39865"}],"wp:featuredmedia":[{"embeddable":true,"href":"https:\/\/www.sincomam.org.br\/index.php\/wp-json\/wp\/v2\/media\/39864"}],"wp:attachment":[{"href":"https:\/\/www.sincomam.org.br\/index.php\/wp-json\/wp\/v2\/media?parent=39863"}],"wp:term":[{"taxonomy":"category","embeddable":true,"href":"https:\/\/www.sincomam.org.br\/index.php\/wp-json\/wp\/v2\/categories?post=39863"},{"taxonomy":"post_tag","embeddable":true,"href":"https:\/\/www.sincomam.org.br\/index.php\/wp-json\/wp\/v2\/tags?post=39863"}],"curies":[{"name":"wp","href":"https:\/\/api.w.org\/{rel}","templated":true}]}}