{"id":3985,"date":"2014-03-06T08:00:59","date_gmt":"2014-03-06T11:00:59","guid":{"rendered":"http:\/\/www.sincomam.org.br\/?p=3985"},"modified":"2014-03-05T09:54:45","modified_gmt":"2014-03-05T12:54:45","slug":"porto-de-suape-registra-crescimento-de-42-na-movimentacao-de-cargas-em-janeiro","status":"publish","type":"post","link":"https:\/\/www.sincomam.org.br\/index.php\/porto-de-suape-registra-crescimento-de-42-na-movimentacao-de-cargas-em-janeiro\/","title":{"rendered":"Porto de Suape registra crescimento de 42% na movimenta\u00e7\u00e3o de cargas em janeiro"},"content":{"rendered":"<p>O Porto de Suape inicia 2014 comemorando crescimento de 42% na movimenta\u00e7\u00e3o de cargas no m\u00eas de janeiro, na compara\u00e7\u00e3o com igual per\u00edodo do ano passado. A movimenta\u00e7\u00e3o chegou a\u00a0 1,3 milh\u00e3o de toneladas. Tamb\u00e9m ultrapassou em 2,3% o \u00faltimo recorde de movimenta\u00e7\u00e3o mensal, que havia sido de 1,28 milh\u00e3o de toneladas em setembro de 2013.<\/p>\n<p>A foi motivada, principalmente, pela movimenta\u00e7\u00e3o de combust\u00edveis, que chegou a 763 mil toneladas, correspondendo a 58% da carga total de janeiro. Do volume da carga de combust\u00edveis, 369 mil toneladas foram de \u00f3leo diesel, j\u00e1 que, recentemente, a Petrobras optou por fazer de Suape a distribui\u00e7\u00e3o de combust\u00edvel por via mar\u00edtima para outros portos do Nordeste.<\/p>\n<p>O aumento na movimenta\u00e7\u00e3o de cont\u00eaineres tamb\u00e9m contribuiu para o desempenho de Suape neste in\u00edcio de ano. Em janeiro, mais de 38,7 mil TEUs foram movimentados no porto, 12% mais em rela\u00e7\u00e3o ao mesmo m\u00eas de 2013. Em rela\u00e7\u00e3o a dezembro passado, a alta foi de 13%.<\/p>\n<p>A evolu\u00e7\u00e3o na movimenta\u00e7\u00e3o portu\u00e1ria acontece em paralelo \u00e8 realiza\u00e7\u00e3o de obras de infraestrutura, iniciadas em janeiro, que devem melhorar a capacidade de recep\u00e7\u00e3o de navios do porto. \u201cMesmo com obras em janeiro, conseguimos aumentar o volume de cargas movimentadas\u201d, comentou o diretor de Gest\u00e3o Portu\u00e1ria de Suape, Leonardo Cerquinho.<\/p>\n<p>\u201cH\u00e1 bons motivos para acreditar que manteremos a trajet\u00f3ria de alta durante todo o ano, mesmo antes do in\u00edcio do funcionamento da Refinaria Abreu e Lima, porque, ap\u00f3s a conclus\u00e3o das obras no porto planejadas at\u00e9 maio, Suape ter\u00e1 ganhos de profundidade, comprimento de navios e vaz\u00e3o de descarregamento\u201d, explicou o vice-presidente de Suape, Caio Ramos.<\/p>\n<p>Fonte: Jornal do Commercio (PE)<\/p>\n","protected":false},"excerpt":{"rendered":"<p>O Porto de Suape inicia 2014 comemorando crescimento de 42% na movimenta\u00e7\u00e3o de cargas no m\u00eas de janeiro, na compara\u00e7\u00e3o com igual per\u00edodo do ano&#8230;<\/p>\n","protected":false},"author":1182,"featured_media":0,"comment_status":"closed","ping_status":"closed","sticky":false,"template":"","format":"standard","meta":{"footnotes":""},"categories":[6],"tags":[191,170,237,636],"class_list":["post-3985","post","type-post","status-publish","format-standard","hentry","category-noticias","tag-cargas","tag-crescimento","tag-movimentacao","tag-porto-de-suape"],"_links":{"self":[{"href":"https:\/\/www.sincomam.org.br\/index.php\/wp-json\/wp\/v2\/posts\/3985","targetHints":{"allow":["GET"]}}],"collection":[{"href":"https:\/\/www.sincomam.org.br\/index.php\/wp-json\/wp\/v2\/posts"}],"about":[{"href":"https:\/\/www.sincomam.org.br\/index.php\/wp-json\/wp\/v2\/types\/post"}],"author":[{"embeddable":true,"href":"https:\/\/www.sincomam.org.br\/index.php\/wp-json\/wp\/v2\/users\/1182"}],"replies":[{"embeddable":true,"href":"https:\/\/www.sincomam.org.br\/index.php\/wp-json\/wp\/v2\/comments?post=3985"}],"version-history":[{"count":1,"href":"https:\/\/www.sincomam.org.br\/index.php\/wp-json\/wp\/v2\/posts\/3985\/revisions"}],"predecessor-version":[{"id":3986,"href":"https:\/\/www.sincomam.org.br\/index.php\/wp-json\/wp\/v2\/posts\/3985\/revisions\/3986"}],"wp:attachment":[{"href":"https:\/\/www.sincomam.org.br\/index.php\/wp-json\/wp\/v2\/media?parent=3985"}],"wp:term":[{"taxonomy":"category","embeddable":true,"href":"https:\/\/www.sincomam.org.br\/index.php\/wp-json\/wp\/v2\/categories?post=3985"},{"taxonomy":"post_tag","embeddable":true,"href":"https:\/\/www.sincomam.org.br\/index.php\/wp-json\/wp\/v2\/tags?post=3985"}],"curies":[{"name":"wp","href":"https:\/\/api.w.org\/{rel}","templated":true}]}}