{"id":39849,"date":"2022-06-15T09:23:39","date_gmt":"2022-06-15T12:23:39","guid":{"rendered":"http:\/\/www.sincomam.org.br\/?p=39849"},"modified":"2022-06-15T09:25:56","modified_gmt":"2022-06-15T12:25:56","slug":"br-dos-rios-vai-ao-congresso-ainda-em-2022-diz-infraestrutura","status":"publish","type":"post","link":"https:\/\/www.sincomam.org.br\/index.php\/br-dos-rios-vai-ao-congresso-ainda-em-2022-diz-infraestrutura\/","title":{"rendered":"\u201cBR dos Rios\u201d vai ao Congresso ainda em 2022, diz Infraestrutura"},"content":{"rendered":"<p>O governo federal pretende encaminhar o projeto de marco legal das hidrovias ao Congresso at\u00e9 o final do ano, disse o ministro da Infraestrutura, Marcelo Sampaio. Ele participou do evento F\u00f3rum de Investimentos Brasil nesta 3\u00aa feira (14.jun.2022).<\/p>\n<p>\u201cN\u00f3s vamos soltar para o Congresso o BR dos Rios, para que possamos revisitar o marco das hidrovias\u201d, afirmou.<\/p>\n<p>O projeto planeja incentivar a navega\u00e7\u00e3o em rios, reduzindo o custo de fretes com caminh\u00f5es. Seu nome faz refer\u00eancia ao \u201cBR do Mar\u201d, sancionado em janeiro para aumentar a navega\u00e7\u00e3o entre portos ao longo da costa brasileira, reduzindo a depend\u00eancia do modal rodovi\u00e1rio.<\/p>\n<p>At\u00e9 abril deste ano, 39 milh\u00f5es de toneladas foram movimentadas em hidrovias no Brasil, enquanto a cabotagem movimentou 66,9 milh\u00f5es de toneladas, segundo dados da Antaq (Ag\u00eancia Nacional de Transportes Aquavi\u00e1rios).<\/p>\n<p>Sampaio tamb\u00e9m falou sobre as privatiza\u00e7\u00f5es previstas para 2022. Segundo ele, o Porto de Santos ir\u00e1 a leil\u00e3o ainda em 2022.<\/p>\n<p>Na 3\u00aa feira (14.jun), o CPPI (Conselho do Programa de Parcerias de Investimentos) recomendou a inclus\u00e3o da Autoridade Portu\u00e1ria de Santos em estudo sobre privatiza\u00e7\u00e3o. A autoridade \u00e9 uma empresa p\u00fablica respons\u00e1vel pela gest\u00e3o do porto.<\/p>\n<p>Fonte: Poder360<\/p>\n","protected":false},"excerpt":{"rendered":"<p>O governo federal pretende encaminhar o projeto de marco legal das hidrovias ao Congresso at\u00e9 o final do ano, disse o ministro da Infraestrutura, Marcelo&#8230;<\/p>\n","protected":false},"author":1527,"featured_media":39850,"comment_status":"closed","ping_status":"closed","sticky":false,"template":"","format":"standard","meta":{"footnotes":""},"categories":[6],"tags":[],"class_list":["post-39849","post","type-post","status-publish","format-standard","has-post-thumbnail","hentry","category-noticias"],"_links":{"self":[{"href":"https:\/\/www.sincomam.org.br\/index.php\/wp-json\/wp\/v2\/posts\/39849","targetHints":{"allow":["GET"]}}],"collection":[{"href":"https:\/\/www.sincomam.org.br\/index.php\/wp-json\/wp\/v2\/posts"}],"about":[{"href":"https:\/\/www.sincomam.org.br\/index.php\/wp-json\/wp\/v2\/types\/post"}],"author":[{"embeddable":true,"href":"https:\/\/www.sincomam.org.br\/index.php\/wp-json\/wp\/v2\/users\/1527"}],"replies":[{"embeddable":true,"href":"https:\/\/www.sincomam.org.br\/index.php\/wp-json\/wp\/v2\/comments?post=39849"}],"version-history":[{"count":2,"href":"https:\/\/www.sincomam.org.br\/index.php\/wp-json\/wp\/v2\/posts\/39849\/revisions"}],"predecessor-version":[{"id":39852,"href":"https:\/\/www.sincomam.org.br\/index.php\/wp-json\/wp\/v2\/posts\/39849\/revisions\/39852"}],"wp:featuredmedia":[{"embeddable":true,"href":"https:\/\/www.sincomam.org.br\/index.php\/wp-json\/wp\/v2\/media\/39850"}],"wp:attachment":[{"href":"https:\/\/www.sincomam.org.br\/index.php\/wp-json\/wp\/v2\/media?parent=39849"}],"wp:term":[{"taxonomy":"category","embeddable":true,"href":"https:\/\/www.sincomam.org.br\/index.php\/wp-json\/wp\/v2\/categories?post=39849"},{"taxonomy":"post_tag","embeddable":true,"href":"https:\/\/www.sincomam.org.br\/index.php\/wp-json\/wp\/v2\/tags?post=39849"}],"curies":[{"name":"wp","href":"https:\/\/api.w.org\/{rel}","templated":true}]}}