{"id":39843,"date":"2022-06-15T09:12:51","date_gmt":"2022-06-15T12:12:51","guid":{"rendered":"http:\/\/www.sincomam.org.br\/?p=39843"},"modified":"2022-06-15T09:12:51","modified_gmt":"2022-06-15T12:12:51","slug":"marinha-do-brasil-realiza-cerimonia-alusiva-ao-dia-internacional-dos-mantenedores-da-paz","status":"publish","type":"post","link":"https:\/\/www.sincomam.org.br\/index.php\/marinha-do-brasil-realiza-cerimonia-alusiva-ao-dia-internacional-dos-mantenedores-da-paz\/","title":{"rendered":"Marinha do Brasil realiza Cerim\u00f4nia alusiva ao Dia Internacional dos Mantenedores da Paz"},"content":{"rendered":"<p>A Marinha do Brasil (MB) realizou no Complexo Naval da Ilha do Governador, no Rio de Janeiro, uma cerim\u00f4nia alusiva ao Dia Internacional dos Mantenedores da Paz, em cumprimento \u00e0 data estabelecida pelo calend\u00e1rio oficial da ONU, celebrada todo ano no dia 29 de maio.<\/p>\n<p>A cerim\u00f4nia foi presidida pelo Comandante de Opera\u00e7\u00f5es Navais, Almirante de Esquadra Olsen, e tem o objetivo de homenagear militares e civis que atuam ou atuaram em Miss\u00f5es de Paz das Na\u00e7\u00f5es Unidas. O evento contou com a participa\u00e7\u00e3o de ex-integrantes de Miss\u00f5es de Paz que desfilar\u00e3o na ocasi\u00e3o.<\/p>\n<p>A hist\u00f3ria do Brasil em Miss\u00f5es de Paz As For\u00e7as Armadas brasileiras estiveram presentes, nos \u00faltimos 74 anos, em 60 miss\u00f5es de manuten\u00e7\u00e3o da paz, enviando mais de 59 mil militares. Entre as miss\u00f5es coordenadas pelo Brasil destacam-se a Miss\u00e3o das Na\u00e7\u00f5es Unidas para a estabiliza\u00e7\u00e3o do Haiti, conhecida como Minustah e que durou 13 anos, e a For\u00e7a-Tarefa Mar\u00edtima da For\u00e7a Interina das Na\u00e7\u00f5es Unidas no L\u00edbano (FTM \u2013 UNIFIL), que contou com a participa\u00e7\u00e3o cont\u00ednua de navios, aeronaves e militares de outras na\u00e7\u00f5es na inspe\u00e7\u00e3o de cerca de 14 mil embarca\u00e7\u00f5es, tendo como objetivo evitar a entrada de armas ilegais, por mar, em territ\u00f3rio liban\u00eas.<\/p>\n<p>Atualmente, o Brasil encontra-se como membro ativo em observa\u00e7\u00f5es de acordos de cessar fogo e paz desde 1933, quando, representado pela MB, acompanhou a negocia\u00e7\u00e3o entre Col\u00f4mbia e Peru na Guerra pela regi\u00e3o de Let\u00edcia.<\/p>\n<p>O Centro de Opera\u00e7\u00f5es de Paz de Car\u00e1ter Naval (COpPazNav) \u00e9 uma institui\u00e7\u00e3o de refer\u00eancia do Minist\u00e9rio da Defesa (MD) respons\u00e1vel pela forma\u00e7\u00e3o e pela especializa\u00e7\u00e3o dos marinheiros e Fuzileiros Navais da paz. O Centro possui certifica\u00e7\u00e3o internacional legitimada pela ONU devido \u00e0 excel\u00eancia no preparo de recursos humanos para a execu\u00e7\u00e3o das miss\u00f5es.<\/p>\n<p>Em abril deste ano, a For\u00e7a de Rea\u00e7\u00e3o R\u00e1pida dos Fuzileiros Navais foi certificada pela Organiza\u00e7\u00e3o das Na\u00e7\u00f5es Unidas (ONU) como n\u00edvel 3 de prontid\u00e3o para as Opera\u00e7\u00f5es de Paz, o mais elevado n\u00edvel operacional para aquela Organiza\u00e7\u00e3o. Com isso, a Marinha do Brasil tornou-se a primeira For\u00e7a do Pa\u00eds a atingir tal certifica\u00e7\u00e3o, sendo atualmente a \u00fanica no mundo.<\/p>\n<p>Fonte: Defesa em Foco<\/p>\n","protected":false},"excerpt":{"rendered":"<p>A Marinha do Brasil (MB) realizou no Complexo Naval da Ilha do Governador, no Rio de Janeiro, uma cerim\u00f4nia alusiva ao Dia Internacional dos Mantenedores&#8230;<\/p>\n","protected":false},"author":1527,"featured_media":39844,"comment_status":"closed","ping_status":"closed","sticky":false,"template":"","format":"standard","meta":{"footnotes":""},"categories":[6],"tags":[],"class_list":["post-39843","post","type-post","status-publish","format-standard","has-post-thumbnail","hentry","category-noticias"],"_links":{"self":[{"href":"https:\/\/www.sincomam.org.br\/index.php\/wp-json\/wp\/v2\/posts\/39843","targetHints":{"allow":["GET"]}}],"collection":[{"href":"https:\/\/www.sincomam.org.br\/index.php\/wp-json\/wp\/v2\/posts"}],"about":[{"href":"https:\/\/www.sincomam.org.br\/index.php\/wp-json\/wp\/v2\/types\/post"}],"author":[{"embeddable":true,"href":"https:\/\/www.sincomam.org.br\/index.php\/wp-json\/wp\/v2\/users\/1527"}],"replies":[{"embeddable":true,"href":"https:\/\/www.sincomam.org.br\/index.php\/wp-json\/wp\/v2\/comments?post=39843"}],"version-history":[{"count":1,"href":"https:\/\/www.sincomam.org.br\/index.php\/wp-json\/wp\/v2\/posts\/39843\/revisions"}],"predecessor-version":[{"id":39845,"href":"https:\/\/www.sincomam.org.br\/index.php\/wp-json\/wp\/v2\/posts\/39843\/revisions\/39845"}],"wp:featuredmedia":[{"embeddable":true,"href":"https:\/\/www.sincomam.org.br\/index.php\/wp-json\/wp\/v2\/media\/39844"}],"wp:attachment":[{"href":"https:\/\/www.sincomam.org.br\/index.php\/wp-json\/wp\/v2\/media?parent=39843"}],"wp:term":[{"taxonomy":"category","embeddable":true,"href":"https:\/\/www.sincomam.org.br\/index.php\/wp-json\/wp\/v2\/categories?post=39843"},{"taxonomy":"post_tag","embeddable":true,"href":"https:\/\/www.sincomam.org.br\/index.php\/wp-json\/wp\/v2\/tags?post=39843"}],"curies":[{"name":"wp","href":"https:\/\/api.w.org\/{rel}","templated":true}]}}