{"id":39841,"date":"2022-06-15T09:09:09","date_gmt":"2022-06-15T12:09:09","guid":{"rendered":"http:\/\/www.sincomam.org.br\/?p=39841"},"modified":"2022-06-15T09:09:09","modified_gmt":"2022-06-15T12:09:09","slug":"antaq-abrira-consulta-publica-sobre-servico-de-segregacao-e-entrega-nas-instalacoes-portuarias","status":"publish","type":"post","link":"https:\/\/www.sincomam.org.br\/index.php\/antaq-abrira-consulta-publica-sobre-servico-de-segregacao-e-entrega-nas-instalacoes-portuarias\/","title":{"rendered":"ANTAQ abrir\u00e1 consulta p\u00fablica sobre Servi\u00e7o de Segrega\u00e7\u00e3o e Entrega nas instala\u00e7\u00f5es portu\u00e1rias"},"content":{"rendered":"<p>AANTAQ realizar\u00e1, entre os dias 23 de junho e 6 de agosto, consulta e audi\u00eancia p\u00fablicas para receber contribui\u00e7\u00f5es visando ao aprimoramento de instru\u00e7\u00e3o normativa, com o objetivo de estabelecer os procedimentos e crit\u00e9rios da an\u00e1lise de condutas abusivas associadas ao Servi\u00e7o de Segrega\u00e7\u00e3o e Entrega (SSE) nas instala\u00e7\u00f5es portu\u00e1rias, quanto ao previsto no par\u00e1grafo \u00fanico do art. 9\u00ba da Resolu\u00e7\u00e3o ANTAQ n\u00ba 72, de 30 de mar\u00e7o de 2022.<\/p>\n<p>As minutas jur\u00eddicas e os documentos t\u00e9cnicos estar\u00e3o <a href=\"https:\/\/www.gov.br\/antaq\/pt-br\/acesso-a-informacao\/participacao-social\/participacao-social\/\">dispon\u00edveis aqui<\/a>. <\/p>\n<p>O SSE \u00e9 o pre\u00e7o cobrado, na importa\u00e7\u00e3o, pelo servi\u00e7o de movimenta\u00e7\u00e3o das cargas entre a pilha no p\u00e1tio e o port\u00e3o do terminal portu\u00e1rio.<\/p>\n<p><strong>Conte\u00fado e forma de participa\u00e7\u00e3o<\/strong><\/p>\n<p>Ser\u00e3o consideradas pela Ag\u00eancia apenas as contribui\u00e7\u00f5es relativas ao assunto da consulta p\u00fablica. As contribui\u00e7\u00f5es poder\u00e3o ser dirigidas \u00e0 ANTAQ at\u00e9 \u00e0s 23h59 do dia 6 de agosto, exclusivamente por meio e na forma do formul\u00e1rio eletr\u00f4nico dispon\u00edvel em https:\/\/www.gov.br\/antaq\/pt-br, n\u00e3o sendo aceitas contribui\u00e7\u00f5es enviadas por meio diverso.<\/p>\n<p>Ser\u00e1 permitido, exclusivamente atrav\u00e9s do e-mail anexo_audiencia072022@antaq.gov.br, mediante identifica\u00e7\u00e3o do contribuinte e no prazo estipulado, anexar imagens digitais, tais como mapas, plantas e fotos, sendo que as contribui\u00e7\u00f5es em texto dever\u00e3o ser preenchidas nos campos apropriados do formul\u00e1rio eletr\u00f4nico.<\/p>\n<p>Caso o interessado n\u00e3o disponha dos recursos necess\u00e1rios para o envio da contribui\u00e7\u00e3o por meio do formul\u00e1rio eletr\u00f4nico, poder\u00e1 faz\u00ea-lo utilizando o computador da Secretaria-Geral (SGE) da Ag\u00eancia, em Bras\u00edlia\/DF, ou nas suas Unidades Regionais, cujos endere\u00e7os se encontram dispon\u00edveis no portal da ANTAQ.<\/p>\n<p>As contribui\u00e7\u00f5es recebidas ser\u00e3o disponibilizadas aos interessados no site da Ag\u00eancia.<\/p>\n<p><strong>Audi\u00eancia P\u00fablica<\/strong><\/p>\n<p>Com o objetivo de fomentar a discuss\u00e3o e esclarecer eventuais d\u00favidas sobre o ato normativo, ser\u00e1 realizada audi\u00eancia p\u00fablica, na forma presencial ou telepresencial, a depender das condi\u00e7\u00f5es de sa\u00fade p\u00fablica vigentes, em data, hor\u00e1rio e local a serem definidos e comunicados oportunamente.<\/p>\n","protected":false},"excerpt":{"rendered":"<p>AANTAQ realizar\u00e1, entre os dias 23 de junho e 6 de agosto, consulta e audi\u00eancia p\u00fablicas para receber contribui\u00e7\u00f5es visando ao aprimoramento de instru\u00e7\u00e3o normativa,&#8230;<\/p>\n","protected":false},"author":1527,"featured_media":20206,"comment_status":"closed","ping_status":"closed","sticky":false,"template":"","format":"standard","meta":{"footnotes":""},"categories":[6],"tags":[],"class_list":["post-39841","post","type-post","status-publish","format-standard","has-post-thumbnail","hentry","category-noticias"],"_links":{"self":[{"href":"https:\/\/www.sincomam.org.br\/index.php\/wp-json\/wp\/v2\/posts\/39841","targetHints":{"allow":["GET"]}}],"collection":[{"href":"https:\/\/www.sincomam.org.br\/index.php\/wp-json\/wp\/v2\/posts"}],"about":[{"href":"https:\/\/www.sincomam.org.br\/index.php\/wp-json\/wp\/v2\/types\/post"}],"author":[{"embeddable":true,"href":"https:\/\/www.sincomam.org.br\/index.php\/wp-json\/wp\/v2\/users\/1527"}],"replies":[{"embeddable":true,"href":"https:\/\/www.sincomam.org.br\/index.php\/wp-json\/wp\/v2\/comments?post=39841"}],"version-history":[{"count":1,"href":"https:\/\/www.sincomam.org.br\/index.php\/wp-json\/wp\/v2\/posts\/39841\/revisions"}],"predecessor-version":[{"id":39842,"href":"https:\/\/www.sincomam.org.br\/index.php\/wp-json\/wp\/v2\/posts\/39841\/revisions\/39842"}],"wp:featuredmedia":[{"embeddable":true,"href":"https:\/\/www.sincomam.org.br\/index.php\/wp-json\/wp\/v2\/media\/20206"}],"wp:attachment":[{"href":"https:\/\/www.sincomam.org.br\/index.php\/wp-json\/wp\/v2\/media?parent=39841"}],"wp:term":[{"taxonomy":"category","embeddable":true,"href":"https:\/\/www.sincomam.org.br\/index.php\/wp-json\/wp\/v2\/categories?post=39841"},{"taxonomy":"post_tag","embeddable":true,"href":"https:\/\/www.sincomam.org.br\/index.php\/wp-json\/wp\/v2\/tags?post=39841"}],"curies":[{"name":"wp","href":"https:\/\/api.w.org\/{rel}","templated":true}]}}