{"id":39778,"date":"2022-06-13T10:27:29","date_gmt":"2022-06-13T13:27:29","guid":{"rendered":"http:\/\/www.sincomam.org.br\/?p=39778"},"modified":"2022-06-13T10:27:41","modified_gmt":"2022-06-13T13:27:41","slug":"capitania-dos-portos-de-alagoas-celebra-o-aniversario-da-batalha-naval-do-riachuelo","status":"publish","type":"post","link":"https:\/\/www.sincomam.org.br\/index.php\/capitania-dos-portos-de-alagoas-celebra-o-aniversario-da-batalha-naval-do-riachuelo\/","title":{"rendered":"Capitania dos Portos de Alagoas celebra o anivers\u00e1rio da Batalha Naval do Riachuelo"},"content":{"rendered":"<p>A Capitania dos Portos de Alagoas (CPAL), o 157\u00ba anivers\u00e1rio da Batalha Naval do Riachuelo. A cerim\u00f4nia contou com a participa\u00e7\u00e3o de autoridades militares, personalidades civis, comunidade mar\u00edtima e Amigos da Marinha. Durante a cerim\u00f4nia, foram entregues T\u00edtulos de Tripulantes Honor\u00e1rios para personalidades que prestaram relevantes servi\u00e7os \u00e0 Capitania dos Portos de Alagoas.<\/p>\n<p>Durante a cerim\u00f4nia, a Primeiro-Tenente Thais Canuto realizou a leitura da Ordem do Dia do Comandante da Marinha, Almirante de Esquadra Almir Garnier Santos, que relembrou as hist\u00f3rias do Almirante Barroso, do Guarda-Marinha Greenhalgh e do Imperial Marinheiro Marc\u00edlio Dias, her\u00f3is brasileiros que a despeito de todas as dificuldades, se destacaram pelo amor incondicional ao Brasil e ao seu povo, em uma fase de nossa Hist\u00f3ria que foi fundamental para a forma\u00e7\u00e3o de uma P\u00e1tria livre, soberana e indivis\u00edvel, dotada de grande extens\u00e3o territorial e valorosos recursos naturais, ber\u00e7o de um povo forte, criativo e trabalhador.<\/p>\n<p>O Capit\u00e3o dos Portos de Alagoas, Capit\u00e3o Mar e Guerra Wendell Petrocelli de Lima, refor\u00e7ou a import\u00e2ncia da Batalha Naval do Riachuelo para o esp\u00edrito de corpo dos militares e a confian\u00e7a da popula\u00e7\u00e3o no trabalho da Marinha do Brasil com a prote\u00e7\u00e3o de nossa Amaz\u00f4nia Azul. Agradeceu a cada um dos agraciados com os T\u00edtulos de Tripulantes Honor\u00e1rios presentes pelo apoio nos trabalhos realizados pela Capitania.<\/p>\n<p>Fonte: Defesa em Foco<\/p>\n","protected":false},"excerpt":{"rendered":"<p>A Capitania dos Portos de Alagoas (CPAL), o 157\u00ba anivers\u00e1rio da Batalha Naval do Riachuelo. A cerim\u00f4nia contou com a participa\u00e7\u00e3o de autoridades militares, personalidades&#8230;<\/p>\n","protected":false},"author":1527,"featured_media":39779,"comment_status":"closed","ping_status":"closed","sticky":false,"template":"","format":"standard","meta":{"footnotes":""},"categories":[6],"tags":[],"class_list":["post-39778","post","type-post","status-publish","format-standard","has-post-thumbnail","hentry","category-noticias"],"_links":{"self":[{"href":"https:\/\/www.sincomam.org.br\/index.php\/wp-json\/wp\/v2\/posts\/39778","targetHints":{"allow":["GET"]}}],"collection":[{"href":"https:\/\/www.sincomam.org.br\/index.php\/wp-json\/wp\/v2\/posts"}],"about":[{"href":"https:\/\/www.sincomam.org.br\/index.php\/wp-json\/wp\/v2\/types\/post"}],"author":[{"embeddable":true,"href":"https:\/\/www.sincomam.org.br\/index.php\/wp-json\/wp\/v2\/users\/1527"}],"replies":[{"embeddable":true,"href":"https:\/\/www.sincomam.org.br\/index.php\/wp-json\/wp\/v2\/comments?post=39778"}],"version-history":[{"count":2,"href":"https:\/\/www.sincomam.org.br\/index.php\/wp-json\/wp\/v2\/posts\/39778\/revisions"}],"predecessor-version":[{"id":39781,"href":"https:\/\/www.sincomam.org.br\/index.php\/wp-json\/wp\/v2\/posts\/39778\/revisions\/39781"}],"wp:featuredmedia":[{"embeddable":true,"href":"https:\/\/www.sincomam.org.br\/index.php\/wp-json\/wp\/v2\/media\/39779"}],"wp:attachment":[{"href":"https:\/\/www.sincomam.org.br\/index.php\/wp-json\/wp\/v2\/media?parent=39778"}],"wp:term":[{"taxonomy":"category","embeddable":true,"href":"https:\/\/www.sincomam.org.br\/index.php\/wp-json\/wp\/v2\/categories?post=39778"},{"taxonomy":"post_tag","embeddable":true,"href":"https:\/\/www.sincomam.org.br\/index.php\/wp-json\/wp\/v2\/tags?post=39778"}],"curies":[{"name":"wp","href":"https:\/\/api.w.org\/{rel}","templated":true}]}}