{"id":39775,"date":"2022-06-13T10:20:52","date_gmt":"2022-06-13T13:20:52","guid":{"rendered":"http:\/\/www.sincomam.org.br\/?p=39775"},"modified":"2022-06-13T10:20:52","modified_gmt":"2022-06-13T13:20:52","slug":"macae-rj-investiga-suspeita-de-variola-dos-macacos-homem-retornou-de-plataforma-de-petroleo-na-quinta","status":"publish","type":"post","link":"https:\/\/www.sincomam.org.br\/index.php\/macae-rj-investiga-suspeita-de-variola-dos-macacos-homem-retornou-de-plataforma-de-petroleo-na-quinta\/","title":{"rendered":"Maca\u00e9\/RJ investiga suspeita de var\u00edola dos macacos. Homem retornou de plataforma de petr\u00f3leo, na quinta"},"content":{"rendered":"<p>A Vigil\u00e2ncia Epidemiol\u00f3gica da Secretaria municipal de Sa\u00fade de Maca\u00e9, no norte fluminense, investiga o caso de um homem, de 43 anos, com suspeita de var\u00edola dos macacos (monkeypox). Ele trabalha numa plataforma de petr\u00f3leo na Bacia de Campos e retornou, na \u00faltima quarta-feira (8), com sintomas da doen\u00e7a. Em nota, a Secretaria de Sa\u00fade de Maca\u00e9 informa que \u201caguarda a emiss\u00e3o do laudo t\u00e9cnico dos exames realizados pelo laborat\u00f3rio molecular de virologia da Universidade Federal do Rio de Janeiro (UFRJ) nas amostras coletadas em paciente\u201d.<\/p>\n<p>O homem n\u00e3o \u00e9 morador de Maca\u00e9, mas segue internado em hospital particular no munic\u00edpio, ap\u00f3s desembarcar de plataforma de petr\u00f3leo. \u201cA previs\u00e3o \u00e9 que o diagn\u00f3stico seja liberado nesta segunda-feira (13). Amostras do paciente tamb\u00e9m est\u00e3o sendo analisadas pelo Laborat\u00f3rio Central Noel Nutels (Lacen), da Secretaria Estadual de Sa\u00fade\u201d.<\/p>\n<p>A nota diz ainda que o estado de sa\u00fade do paciente \u00e9 est\u00e1vel. &#8220;A interna\u00e7\u00e3o segue como protocolo de isolamento at\u00e9 o fechamento do diagn\u00f3stico\u201d. A Vigil\u00e2ncia Epidemiol\u00f3gica de Maca\u00e9 esclarece que n\u00e3o h\u00e1 outro caso suspeito em investiga\u00e7\u00e3o na cidade.<\/p>\n<p>A Secretaria de Estado de Sa\u00fade, por meio do Centro de Informa\u00e7\u00f5es Estrat\u00e9gicas de Vigil\u00e2ncia em Sa\u00fade, confirma essas informa\u00e7\u00f5es. &#8220;Exames complementares, preconizados pelo Minist\u00e9rio da Sa\u00fade para fechar a avalia\u00e7\u00e3o do caso, est\u00e3o em andamento&#8221;, destacou.<\/p>\n<p>Em nota, a vigil\u00e2ncia estadual informa que \u201cest\u00e1 apoiando a vigil\u00e2ncia municipal de Maca\u00e9 no monitoramento. At\u00e9 o momento, n\u00e3o h\u00e1 caso de monkeypox confirmado no estado\u201d.<\/p>\n<p>Em maio, o Centro de Informa\u00e7\u00f5es Estrat\u00e9gicas de Vigil\u00e2ncia em Sa\u00fade enviou comunicado de alerta \u00e0s secretarias municipais de Sa\u00fade orientando quanto \u00e0 detec\u00e7\u00e3o e ao monitoramento de poss\u00edveis casos da doen\u00e7a. A medida tem como objetivo garantir que as vigil\u00e2ncias municipais e estadual sejam notificadas dos poss\u00edveis casos e possam fazer o acompanhamento da evolu\u00e7\u00e3o da doen\u00e7a.<\/p>\n<p><strong>Transmiss\u00e3o<\/strong><br \/>\nA var\u00edola do macaco \u00e9 uma doen\u00e7a viral e a transmiss\u00e3o entre humanos ocorre principalmente por meio de contato pessoal com secre\u00e7\u00f5es respirat\u00f3rias, les\u00f5es de pele de pessoas infectadas ou objetos recentemente contaminados.<\/p>\n<p>A doen\u00e7a causa erup\u00e7\u00f5es que geralmente se desenvolvem pelo rosto e depois se espalham para outras partes do corpo, incluindo os \u00f3rg\u00e3os genitais. Os casos recentemente detectados apresentaram uma preponder\u00e2ncia de les\u00f5es na \u00e1rea genital.<\/p>\n<p>A erup\u00e7\u00e3o cut\u00e2nea passa por diferentes est\u00e1gios e pode se parecer com varicela ou s\u00edfilis, antes de finalmente formar uma crosta, com posterior cicatriza\u00e7\u00e3o. Quando a crosta desaparece, a pessoa deixa de infectar outras pessoas. O per\u00edodo de incuba\u00e7\u00e3o \u00e9 de 6 a 16 dias, mas pode chegar a 21 dias.<\/p>\n<p>Os sintomas incluem febre, dor de cabe\u00e7a, dores musculares, dores nas costas, adenomegalia, calafrios e exaust\u00e3o. Em caso de suspeita da doen\u00e7a, o paciente deve ser isolado at\u00e9 o desaparecimento completo das les\u00f5es. O tratamento \u00e9 baseado em medidas de suporte, com o objetivo de aliviar sintomas, prevenir e tratar complica\u00e7\u00f5es e sequelas.<\/p>\n<p><strong>S\u00e3o Paulo<\/strong><br \/>\nA Secretaria de Sa\u00fade de S\u00e3o Paulo confirmou o segundo caso de var\u00edola dos macacos, no estado. A doen\u00e7a foi detectada em um homem, de 29 anos, que est\u00e1 isolado em sua resid\u00eancia em Vinhedo, no interior do estado.<\/p>\n<p>O caso \u00e9 considerado importado, porque o homem tem hist\u00f3rico de viagem \u00e0 Portugal e Espanha.<\/p>\n","protected":false},"excerpt":{"rendered":"<p>A Vigil\u00e2ncia Epidemiol\u00f3gica da Secretaria municipal de Sa\u00fade de Maca\u00e9, no norte fluminense, investiga o caso de um homem, de 43 anos, com suspeita de&#8230;<\/p>\n","protected":false},"author":1527,"featured_media":39776,"comment_status":"closed","ping_status":"closed","sticky":false,"template":"","format":"standard","meta":{"footnotes":""},"categories":[6],"tags":[],"class_list":["post-39775","post","type-post","status-publish","format-standard","has-post-thumbnail","hentry","category-noticias"],"_links":{"self":[{"href":"https:\/\/www.sincomam.org.br\/index.php\/wp-json\/wp\/v2\/posts\/39775","targetHints":{"allow":["GET"]}}],"collection":[{"href":"https:\/\/www.sincomam.org.br\/index.php\/wp-json\/wp\/v2\/posts"}],"about":[{"href":"https:\/\/www.sincomam.org.br\/index.php\/wp-json\/wp\/v2\/types\/post"}],"author":[{"embeddable":true,"href":"https:\/\/www.sincomam.org.br\/index.php\/wp-json\/wp\/v2\/users\/1527"}],"replies":[{"embeddable":true,"href":"https:\/\/www.sincomam.org.br\/index.php\/wp-json\/wp\/v2\/comments?post=39775"}],"version-history":[{"count":1,"href":"https:\/\/www.sincomam.org.br\/index.php\/wp-json\/wp\/v2\/posts\/39775\/revisions"}],"predecessor-version":[{"id":39777,"href":"https:\/\/www.sincomam.org.br\/index.php\/wp-json\/wp\/v2\/posts\/39775\/revisions\/39777"}],"wp:featuredmedia":[{"embeddable":true,"href":"https:\/\/www.sincomam.org.br\/index.php\/wp-json\/wp\/v2\/media\/39776"}],"wp:attachment":[{"href":"https:\/\/www.sincomam.org.br\/index.php\/wp-json\/wp\/v2\/media?parent=39775"}],"wp:term":[{"taxonomy":"category","embeddable":true,"href":"https:\/\/www.sincomam.org.br\/index.php\/wp-json\/wp\/v2\/categories?post=39775"},{"taxonomy":"post_tag","embeddable":true,"href":"https:\/\/www.sincomam.org.br\/index.php\/wp-json\/wp\/v2\/tags?post=39775"}],"curies":[{"name":"wp","href":"https:\/\/api.w.org\/{rel}","templated":true}]}}