{"id":39772,"date":"2022-06-13T10:17:59","date_gmt":"2022-06-13T13:17:59","guid":{"rendered":"http:\/\/www.sincomam.org.br\/?p=39772"},"modified":"2022-06-13T10:17:59","modified_gmt":"2022-06-13T13:17:59","slug":"sao-paulo-volta-a-obrigar-uso-de-mascaras-contra-covid-19","status":"publish","type":"post","link":"https:\/\/www.sincomam.org.br\/index.php\/sao-paulo-volta-a-obrigar-uso-de-mascaras-contra-covid-19\/","title":{"rendered":"S\u00e3o Paulo volta a obrigar uso de m\u00e1scaras contra covid-19"},"content":{"rendered":"<p>Institui\u00e7\u00f5es p\u00fablicas no estado de S\u00e3o Paulo voltaram a exigir o uso de m\u00e1scaras nos ambientes internos de suas depend\u00eancias para evitar a dissemina\u00e7\u00e3o e cont\u00e1gio da covid-19.<img decoding=\"async\" src=\"https:\/\/agenciabrasil.ebc.com.br\/ebc.png?id=1464643&amp;o=node\" \/><img decoding=\"async\" src=\"https:\/\/agenciabrasil.ebc.com.br\/ebc.gif?id=1464643&amp;o=node\" \/><\/p>\n<p>Entre os \u00f3rg\u00e3os que voltaram a obrigar o uso do artefato est\u00e3o o Tribunal de Justi\u00e7a do Estado de S\u00e3o Paulo (TJ-SP), o Tribunal Regional Federal (TRF) da 3\u00ba Regi\u00e3o, o Minist\u00e9rio P\u00fablico do Estado de S\u00e3o Paulo (MP-SP), o Tribunal Regional Eleitoral de S\u00e3o Paulo (TRE-SP) e a C\u00e2mara dos Vereadores de S\u00e3o Paulo.<\/p>\n<p>E, entre as institui\u00e7\u00f5es p\u00fablicas de ensino, a Universidade de S\u00e3o Paulo (USP), a Universidade Estadual de Campinas (Unicamp), a Universidade Estadual Paulista (Unesp) e a Universidade Federal de S\u00e3o Paulo (Unifesp) tamb\u00e9m mantiveram o uso obrigat\u00f3rio das m\u00e1scaras nos ambientes internos dos campi ou em aglomera\u00e7\u00f5es.<\/p>\n<p>\u201cEm raz\u00e3o do aumento do n\u00famero de casos de covid-19, o TRE-SP editou a Portaria 151\/2022, que determina o uso obrigat\u00f3rio de m\u00e1scara nas depend\u00eancias da secretaria, dos cart\u00f3rios eleitorais e postos de atendimento, como forma de preven\u00e7\u00e3o ao cont\u00e1gio da doen\u00e7a\u201d, diz texto de comunicado do TRE-SP, divulgado esta semana.<\/p>\n<h2>Uso obrigat\u00f3rio<\/h2>\n<p>Na C\u00e2mara Municipal de S\u00e3o Paulo, o uso \u00e9 obrigat\u00f3rio para servidores e vereadores. Para os visitantes, o uso do artefato s\u00f3 \u00e9 exigido quando as galerias ou audit\u00f3rios estiverem com lota\u00e7\u00e3o superior a 50%.<\/p>\n<p>No estado de S\u00e3o Paulo, a capital paulista tem tido destaque no avan\u00e7o\u00a0da contamina\u00e7\u00e3o das pessoas por covid-19. Em 20 de maio, a taxa de ocupa\u00e7\u00e3o de leitos de Unidade de Terapia Intensiva (UTI) na cidade, devido \u00e0 covid-19, estava em 27%. H\u00e1 dez dias (30 de maio), esse n\u00famero subiu para 51%. Segundo o Boletim Di\u00e1rio da prefeitura de S\u00e3o Paulo, a ocupa\u00e7\u00e3o de UTIs hoje (8)\u00a0est\u00e1 em 75%.<\/p>\n<p>Fonte: Ag\u00eancia Brasil<\/p>\n","protected":false},"excerpt":{"rendered":"<p>Institui\u00e7\u00f5es p\u00fablicas no estado de S\u00e3o Paulo voltaram a exigir o uso de m\u00e1scaras nos ambientes internos de suas depend\u00eancias para evitar a dissemina\u00e7\u00e3o e&#8230;<\/p>\n","protected":false},"author":1527,"featured_media":39773,"comment_status":"closed","ping_status":"closed","sticky":false,"template":"","format":"standard","meta":{"footnotes":""},"categories":[6],"tags":[],"class_list":["post-39772","post","type-post","status-publish","format-standard","has-post-thumbnail","hentry","category-noticias"],"_links":{"self":[{"href":"https:\/\/www.sincomam.org.br\/index.php\/wp-json\/wp\/v2\/posts\/39772","targetHints":{"allow":["GET"]}}],"collection":[{"href":"https:\/\/www.sincomam.org.br\/index.php\/wp-json\/wp\/v2\/posts"}],"about":[{"href":"https:\/\/www.sincomam.org.br\/index.php\/wp-json\/wp\/v2\/types\/post"}],"author":[{"embeddable":true,"href":"https:\/\/www.sincomam.org.br\/index.php\/wp-json\/wp\/v2\/users\/1527"}],"replies":[{"embeddable":true,"href":"https:\/\/www.sincomam.org.br\/index.php\/wp-json\/wp\/v2\/comments?post=39772"}],"version-history":[{"count":1,"href":"https:\/\/www.sincomam.org.br\/index.php\/wp-json\/wp\/v2\/posts\/39772\/revisions"}],"predecessor-version":[{"id":39774,"href":"https:\/\/www.sincomam.org.br\/index.php\/wp-json\/wp\/v2\/posts\/39772\/revisions\/39774"}],"wp:featuredmedia":[{"embeddable":true,"href":"https:\/\/www.sincomam.org.br\/index.php\/wp-json\/wp\/v2\/media\/39773"}],"wp:attachment":[{"href":"https:\/\/www.sincomam.org.br\/index.php\/wp-json\/wp\/v2\/media?parent=39772"}],"wp:term":[{"taxonomy":"category","embeddable":true,"href":"https:\/\/www.sincomam.org.br\/index.php\/wp-json\/wp\/v2\/categories?post=39772"},{"taxonomy":"post_tag","embeddable":true,"href":"https:\/\/www.sincomam.org.br\/index.php\/wp-json\/wp\/v2\/tags?post=39772"}],"curies":[{"name":"wp","href":"https:\/\/api.w.org\/{rel}","templated":true}]}}