{"id":39742,"date":"2022-06-10T09:11:00","date_gmt":"2022-06-10T12:11:00","guid":{"rendered":"http:\/\/www.sincomam.org.br\/?p=39742"},"modified":"2022-06-10T21:32:40","modified_gmt":"2022-06-11T00:32:40","slug":"caixa-libera-emprestimo-de-ate-r-3-mil-como-solicitar","status":"publish","type":"post","link":"https:\/\/www.sincomam.org.br\/index.php\/caixa-libera-emprestimo-de-ate-r-3-mil-como-solicitar\/","title":{"rendered":"Brasileiros prop\u00f5em direitos para trabalhadores de app na ONU"},"content":{"rendered":"<p>Chefe da delega\u00e7\u00e3o de trabalhadores brasileiros na Confer\u00eancia da OIT (Organiza\u00e7\u00e3o Internacional do Trabalho) e presidente licenciado da CSB, Antonio Neto, prop\u00f4s nesta ter\u00e7a-feira (07) uma conven\u00e7\u00e3o internacional para os trabalhadores em aplicativos nos moldes da que j\u00e1 existe para os mar\u00edtimos. Atualmente, o Brasil tem 1,5 milh\u00e3o de trabalhadores em aplicativos sem direitos como descanso remunerado, prote\u00e7\u00e3o previdenci\u00e1ria e garantia de renda, fazendo jornadas de at\u00e9 18 horas di\u00e1rias, 7 dias por semana, para receber apenas cerca de 10 centavos de d\u00f3lar por hora.<\/p>\n<p>\u201cNegligenciar as consequ\u00eancias produzidas por esse retrocesso n\u00e3o \u00e9 uma op\u00e7\u00e3o. Sem regulamenta\u00e7\u00e3o, estaremos nos calando diante da nova escravid\u00e3o disfar\u00e7ada de empreendedorismo. Esta casa, desde 2015, estuda os efeitos do trabalho nestas plataformas. \u00c9 preciso garantir prote\u00e7\u00e3o social e organiza\u00e7\u00e3o sindical para esses trabalhadores.\u201d<\/p>\n<p>Al\u00e9m da proposta de conven\u00e7\u00e3o internacional, Antonio Neto fez uso de sua fala para denunciar a escalada autorit\u00e1ria de Jair Bolsonaro no Brasil e as pol\u00edticas neoliberais que produziram um mar de desempregados e desalentados no Brasil.<\/p>\n<p>Ao fim de sua fala Neto lembrou a Enc\u00edclica Fratelli Tutti, do Papa Francisco:<\/p>\n<p>\u201c\u00c9 POSS\u00cdVEL DESEJAR UM PLANETA QUE GARANTA TERRA, TETO E TRABALHO PARA TODOS. ESTE \u00c9 O VERDADEIRO CAMINHO DA PAZ.\u201d<\/p>\n<p>Fonte: Central dos Sindicatos Brasileiros<\/p>\n","protected":false},"excerpt":{"rendered":"<p>Chefe da delega\u00e7\u00e3o de trabalhadores brasileiros na Confer\u00eancia da OIT (Organiza\u00e7\u00e3o Internacional do Trabalho) e presidente licenciado da CSB, Antonio Neto, prop\u00f4s nesta ter\u00e7a-feira (07)&#8230;<\/p>\n","protected":false},"author":1527,"featured_media":39747,"comment_status":"closed","ping_status":"closed","sticky":false,"template":"","format":"standard","meta":{"footnotes":""},"categories":[6],"tags":[],"class_list":["post-39742","post","type-post","status-publish","format-standard","has-post-thumbnail","hentry","category-noticias"],"_links":{"self":[{"href":"https:\/\/www.sincomam.org.br\/index.php\/wp-json\/wp\/v2\/posts\/39742","targetHints":{"allow":["GET"]}}],"collection":[{"href":"https:\/\/www.sincomam.org.br\/index.php\/wp-json\/wp\/v2\/posts"}],"about":[{"href":"https:\/\/www.sincomam.org.br\/index.php\/wp-json\/wp\/v2\/types\/post"}],"author":[{"embeddable":true,"href":"https:\/\/www.sincomam.org.br\/index.php\/wp-json\/wp\/v2\/users\/1527"}],"replies":[{"embeddable":true,"href":"https:\/\/www.sincomam.org.br\/index.php\/wp-json\/wp\/v2\/comments?post=39742"}],"version-history":[{"count":3,"href":"https:\/\/www.sincomam.org.br\/index.php\/wp-json\/wp\/v2\/posts\/39742\/revisions"}],"predecessor-version":[{"id":39748,"href":"https:\/\/www.sincomam.org.br\/index.php\/wp-json\/wp\/v2\/posts\/39742\/revisions\/39748"}],"wp:featuredmedia":[{"embeddable":true,"href":"https:\/\/www.sincomam.org.br\/index.php\/wp-json\/wp\/v2\/media\/39747"}],"wp:attachment":[{"href":"https:\/\/www.sincomam.org.br\/index.php\/wp-json\/wp\/v2\/media?parent=39742"}],"wp:term":[{"taxonomy":"category","embeddable":true,"href":"https:\/\/www.sincomam.org.br\/index.php\/wp-json\/wp\/v2\/categories?post=39742"},{"taxonomy":"post_tag","embeddable":true,"href":"https:\/\/www.sincomam.org.br\/index.php\/wp-json\/wp\/v2\/tags?post=39742"}],"curies":[{"name":"wp","href":"https:\/\/api.w.org\/{rel}","templated":true}]}}