{"id":39730,"date":"2022-06-10T08:38:40","date_gmt":"2022-06-10T11:38:40","guid":{"rendered":"http:\/\/www.sincomam.org.br\/?p=39730"},"modified":"2022-06-10T09:16:09","modified_gmt":"2022-06-10T12:16:09","slug":"guerra-e-crise-energetica-exigem-prolongar-temporariamente-uso-de-combustiveis-fosseis-diz-aie","status":"publish","type":"post","link":"https:\/\/www.sincomam.org.br\/index.php\/guerra-e-crise-energetica-exigem-prolongar-temporariamente-uso-de-combustiveis-fosseis-diz-aie\/","title":{"rendered":"Guerra e crise energ\u00e9tica exigem prolongar temporariamente uso de combust\u00edveis f\u00f3sseis, diz AIE"},"content":{"rendered":"<p>A crise energ\u00e9tica mundial e a invas\u00e3o da Ucr\u00e2nia pela R\u00fassia v\u00e3o exigir que alguns pa\u00edses prolonguem temporariamente o uso combust\u00edveis f\u00f3sseis, entretanto isto n\u00e3o deve ser um elemento permanente da pol\u00edtica energ\u00e9tica, disse o diretor da Ag\u00eancia Internacional de Energia, Fatih Birol, em confer\u00eancia internacional.<br \/>\nSegundo o dirigente, os mercados de petr\u00f3leo, g\u00e1s e energia el\u00e9trica est\u00e3o sob muita press\u00e3o e se o mundo n\u00e3o tomar as medidas necess\u00e1rias, pode enfrentar um novo aumento da infla\u00e7\u00e3o, especialmente para os pa\u00edses europeus.<\/p>\n<p>Para o executivo, o Brasil tem situa\u00e7\u00e3o mais confort\u00e1vel por ter uma matriz muito mais limpa em rela\u00e7\u00e3o ao resto do mundo. \u201cO Brasil \u00e9 um pa\u00eds com enorme potencial em energias renov\u00e1veis, com biocombust\u00edveis, energia solar, grandes hidrel\u00e9tricas e tem uso energ\u00e9tico diversificado de energia nuclear, recursos de petr\u00f3leo e g\u00e1s com bons impactos na economia e baixo impacto nas emiss\u00f5es\u201d, afirma.<\/p>\n<p>Contudo, ele lembra que manter subs\u00eddios, como o do carv\u00e3o, deveria ser uma medida pontual no atual contexto e ser usada como uma pol\u00edtica energ\u00e9tica.<\/p>\n<p>\u201cTalvez haja exce\u00e7\u00f5es das decis\u00f5es dos governos ao redor do mundo [em subsidiar combust\u00edveis f\u00f3sseis] como resultado da imediata atual crise energ\u00e9tica, mas em m\u00e9dio e longo prazo, espero que o Brasil, como todos os outros pa\u00edses do mundo, impulsione uma transi\u00e7\u00e3o para a energia limpa\u201d, disse.<\/p>\n<p>Alguns pa\u00edses do mundo est\u00e3o estendendo a opera\u00e7\u00e3o de usinas a carv\u00e3o e retomando incentivos aos combust\u00edveis f\u00f3sseis. No Brasil, no come\u00e7o do ano o governo aprovou uma lei que obriga uso de t\u00e9rmicas a carv\u00e3o at\u00e9 2040, com benef\u00edcio ao Complexo Termel\u00e9trico Jorge Lacerda, maior usina a carv\u00e3o do Brasil.<\/p>\n<p>Birol afirma que outra ferramenta nas m\u00e3os dos governos seria reduzir o consumo. Um estudo in\u00e9dito divulgado pela AIE no mesmo evento mostrou que melhorar a efici\u00eancia energ\u00e9tica de 2% para 4% ao ano ao longo desta d\u00e9cada poderia ajudar a atender as metas de zerar as emiss\u00f5es de gases de efeito estufa.<\/p>\n<p>Fonte: Valor<\/p>\n","protected":false},"excerpt":{"rendered":"<p>A crise energ\u00e9tica mundial e a invas\u00e3o da Ucr\u00e2nia pela R\u00fassia v\u00e3o exigir que alguns pa\u00edses prolonguem temporariamente o uso combust\u00edveis f\u00f3sseis, entretanto isto n\u00e3o&#8230;<\/p>\n","protected":false},"author":1527,"featured_media":39251,"comment_status":"closed","ping_status":"closed","sticky":false,"template":"","format":"standard","meta":{"footnotes":""},"categories":[6],"tags":[],"class_list":["post-39730","post","type-post","status-publish","format-standard","has-post-thumbnail","hentry","category-noticias"],"_links":{"self":[{"href":"https:\/\/www.sincomam.org.br\/index.php\/wp-json\/wp\/v2\/posts\/39730","targetHints":{"allow":["GET"]}}],"collection":[{"href":"https:\/\/www.sincomam.org.br\/index.php\/wp-json\/wp\/v2\/posts"}],"about":[{"href":"https:\/\/www.sincomam.org.br\/index.php\/wp-json\/wp\/v2\/types\/post"}],"author":[{"embeddable":true,"href":"https:\/\/www.sincomam.org.br\/index.php\/wp-json\/wp\/v2\/users\/1527"}],"replies":[{"embeddable":true,"href":"https:\/\/www.sincomam.org.br\/index.php\/wp-json\/wp\/v2\/comments?post=39730"}],"version-history":[{"count":1,"href":"https:\/\/www.sincomam.org.br\/index.php\/wp-json\/wp\/v2\/posts\/39730\/revisions"}],"predecessor-version":[{"id":39732,"href":"https:\/\/www.sincomam.org.br\/index.php\/wp-json\/wp\/v2\/posts\/39730\/revisions\/39732"}],"wp:featuredmedia":[{"embeddable":true,"href":"https:\/\/www.sincomam.org.br\/index.php\/wp-json\/wp\/v2\/media\/39251"}],"wp:attachment":[{"href":"https:\/\/www.sincomam.org.br\/index.php\/wp-json\/wp\/v2\/media?parent=39730"}],"wp:term":[{"taxonomy":"category","embeddable":true,"href":"https:\/\/www.sincomam.org.br\/index.php\/wp-json\/wp\/v2\/categories?post=39730"},{"taxonomy":"post_tag","embeddable":true,"href":"https:\/\/www.sincomam.org.br\/index.php\/wp-json\/wp\/v2\/tags?post=39730"}],"curies":[{"name":"wp","href":"https:\/\/api.w.org\/{rel}","templated":true}]}}