{"id":39682,"date":"2022-06-09T08:17:01","date_gmt":"2022-06-09T11:17:01","guid":{"rendered":"http:\/\/www.sincomam.org.br\/?p=39682"},"modified":"2022-06-08T23:18:49","modified_gmt":"2022-06-09T02:18:49","slug":"marinha-apresenta-programa-antartico-brasileiro-na-camara-dos-deputados","status":"publish","type":"post","link":"https:\/\/www.sincomam.org.br\/index.php\/marinha-apresenta-programa-antartico-brasileiro-na-camara-dos-deputados\/","title":{"rendered":"Marinha apresenta Programa Ant\u00e1rtico Brasileiro na C\u00e2mara dos Deputados"},"content":{"rendered":"<p class=\"rtejustify\">Na data em que se comemora o Dia Mundial dos Oceanos, 08 de junho, a\u00a0Marinha do Brasil\u00a0atendeu ao requerimento da Comiss\u00e3o de Rela\u00e7\u00f5es Exteriores e de Defesa Nacional (CREDEN) e apresentou o Programa Ant\u00e1rtico Brasileiro (PROANTAR) na C\u00e2mara dos Deputados.<\/p>\n<div class=\"td-a-rec td-a-rec-id-content_inline td_uid_2_62a12eeaec044_rand td_block_template_11\">\n<div class=\"field-item even\">\n<p class=\"rtejustify\">Na Audi\u00eancia P\u00fablica, o Secret\u00e1rio da Comiss\u00e3o Interministerial para os Recursos do Mar (CIRM), Contra-Almirante Marco Ant\u00f4nio Linhares Soares, citou que nos \u00faltimos dois anos, desde o in\u00edcio da pandemia, a Esta\u00e7\u00e3o Ant\u00e1rtica Comandante Ferraz (EACF) adaptou suas atividades para n\u00e3o comprometer a seguran\u00e7a dos pesquisadores e manter a opera\u00e7\u00e3o em perfeito funcionamento. \u201cN\u00e3o interrompemos as pesquisas, cumprimos as quarentenas exigidas a bordo antes de chegar \u00e0 Esta\u00e7\u00e3o, inclusive os pesquisadores que estavam \u00e0 \u00e9poca conosco. Deixamos de enviar pesquisadores por um tempo \u2014 mas n\u00e3o de realizar a pesquisa de campo \u2014, e vamos retomar o envio neste ano\u201d, esclareceu.<\/p>\n<p class=\"rtejustify\">O Secret\u00e1rio da CIRM apresentou as perspectivas da OPERANTAR XLI, que levar\u00e1 121 pesquisadores de 29 projetos para a Ant\u00e1rtica, al\u00e9m da constru\u00e7\u00e3o do Navio de Apoio Ant\u00e1rtico, que ser\u00e1 constru\u00eddo no Brasil, por brasileiros, com conte\u00fado nacional. O Almirante Linhares tamb\u00e9m detalhou os custos para manter o PROANTAR, que incluem a manuten\u00e7\u00e3o da EACF, dos navios e helic\u00f3pteros, combust\u00edveis, treinamentos pr\u00e9-ant\u00e1rticos, al\u00e9m do apoio log\u00edstico aos projetos de pesquisa.<\/p>\n<p class=\"rtejustify\">Ele destacou que com o apoio parlamentar, ser\u00e1 poss\u00edvel ampliar, em 2023, as capacidades log\u00edsticas na OPERANTAR (especialmente em rela\u00e7\u00e3o aos materiais de consumo e servi\u00e7os); envio de alpinistas; estabelecimento de novos m\u00f3dulos (espa\u00e7os) isolados para pesquisa e o incremento das pesquisas oceanogr\u00e1ficas no ano.<\/p>\n<p class=\"rtejustify\">Durante a reuni\u00e3o, os parlamentares da CREDEN fizeram perguntas sobre o Programa, respondidas pelo Secret\u00e1rio da CIRM, e compartilharam experi\u00eancias de visitas \u00e0 Esta\u00e7\u00e3o Ant\u00e1rtica Brasileira.<\/p>\n<p class=\"rtejustify\"><strong>Encontro da Frente Parlamentar Mista de Apoio ao Programa Ant\u00e1rtico Brasileiro<\/strong><\/p>\n<p class=\"rtejustify\">A Secretaria da Comiss\u00e3o Interministerial para os Recursos do Mar (SECIRM) realizou, ontem (07), encontro com a Frente Parlamentar Mista de Apoio ao Programa Ant\u00e1rtico Brasileiro, para debater medidas para o fortalecimento do programa e contar como foi o funcionamento do Programa durante a pandemia. No local, o Secret\u00e1rio de Pesquisa e Forma\u00e7\u00e3o Cient\u00edfica do Minist\u00e9rio da Ci\u00eancia, Tecnologia e Inova\u00e7\u00f5es (MCTI), Marcelo Morales, que apresentou na reuni\u00e3o os programas de pesquisa que o MCTI realiza na Ant\u00e1rtica com apoio da Marinha.<\/p>\n<p>A Frente Parlamentar, criada em 2007 para garantir apoio \u00e0s pesquisas realizadas por cientistas brasileiros na Esta\u00e7\u00e3o Ant\u00e1rtica Comandante Ferraz, \u00e9 presidida, atualmente, pelo Deputado Jos\u00e9 Rocha. Ele refor\u00e7ou que a contribui\u00e7\u00e3o do parlamento brasileiro para o levantamento de recursos financeiros viabiliza as pesquisas e a manuten\u00e7\u00e3o da presen\u00e7a brasileira na Ant\u00e1rtica. \u201cEsse Programa fant\u00e1stico interessa n\u00e3o apenas a n\u00f3s, brasileiros, mas ao mundo, pelo n\u00edvel de excel\u00eancia com que \u00e9 realizada a pesquisa cient\u00edfica no continente Ant\u00e1rtico. Isso tem dado ao nosso Pa\u00eds uma visibilidade muito grande na \u00e1rea da ci\u00eancia e da tecnologia, exercitada por grandes pesquisadores. Com esse trabalho que a Marinha realiza na Esta\u00e7\u00e3o Ant\u00e1rtica Comandante Ferraz, vamos convencer, neste ano, a maioria dos nossos colegas a colocarem emendas parlamentares nesse Programa\u201d, afirmou.<\/p>\n<p>Fonte: Defesa em Foco<\/p>\n<\/div>\n<\/div>\n","protected":false},"excerpt":{"rendered":"<p>Na data em que se comemora o Dia Mundial dos Oceanos, 08 de junho, a\u00a0Marinha do Brasil\u00a0atendeu ao requerimento da Comiss\u00e3o de Rela\u00e7\u00f5es Exteriores e&#8230;<\/p>\n","protected":false},"author":1527,"featured_media":39683,"comment_status":"closed","ping_status":"closed","sticky":false,"template":"","format":"standard","meta":{"footnotes":""},"categories":[6],"tags":[],"class_list":["post-39682","post","type-post","status-publish","format-standard","has-post-thumbnail","hentry","category-noticias"],"_links":{"self":[{"href":"https:\/\/www.sincomam.org.br\/index.php\/wp-json\/wp\/v2\/posts\/39682","targetHints":{"allow":["GET"]}}],"collection":[{"href":"https:\/\/www.sincomam.org.br\/index.php\/wp-json\/wp\/v2\/posts"}],"about":[{"href":"https:\/\/www.sincomam.org.br\/index.php\/wp-json\/wp\/v2\/types\/post"}],"author":[{"embeddable":true,"href":"https:\/\/www.sincomam.org.br\/index.php\/wp-json\/wp\/v2\/users\/1527"}],"replies":[{"embeddable":true,"href":"https:\/\/www.sincomam.org.br\/index.php\/wp-json\/wp\/v2\/comments?post=39682"}],"version-history":[{"count":1,"href":"https:\/\/www.sincomam.org.br\/index.php\/wp-json\/wp\/v2\/posts\/39682\/revisions"}],"predecessor-version":[{"id":39684,"href":"https:\/\/www.sincomam.org.br\/index.php\/wp-json\/wp\/v2\/posts\/39682\/revisions\/39684"}],"wp:featuredmedia":[{"embeddable":true,"href":"https:\/\/www.sincomam.org.br\/index.php\/wp-json\/wp\/v2\/media\/39683"}],"wp:attachment":[{"href":"https:\/\/www.sincomam.org.br\/index.php\/wp-json\/wp\/v2\/media?parent=39682"}],"wp:term":[{"taxonomy":"category","embeddable":true,"href":"https:\/\/www.sincomam.org.br\/index.php\/wp-json\/wp\/v2\/categories?post=39682"},{"taxonomy":"post_tag","embeddable":true,"href":"https:\/\/www.sincomam.org.br\/index.php\/wp-json\/wp\/v2\/tags?post=39682"}],"curies":[{"name":"wp","href":"https:\/\/api.w.org\/{rel}","templated":true}]}}