{"id":39679,"date":"2022-06-09T08:12:12","date_gmt":"2022-06-09T11:12:12","guid":{"rendered":"http:\/\/www.sincomam.org.br\/?p=39679"},"modified":"2022-06-08T23:13:50","modified_gmt":"2022-06-09T02:13:50","slug":"stj-planos-nao-sao-obrigados-a-cobrir-condutas-fora-da-lista-da-ans","status":"publish","type":"post","link":"https:\/\/www.sincomam.org.br\/index.php\/stj-planos-nao-sao-obrigados-a-cobrir-condutas-fora-da-lista-da-ans\/","title":{"rendered":"STJ: planos n\u00e3o s\u00e3o obrigados a cobrir condutas fora da lista da ANS"},"content":{"rendered":"<p>O Superior Tribunal de Justi\u00e7a (STJ) decidiu que as operadoras de plano de sa\u00fade n\u00e3o s\u00e3o obrigadas a cobrir procedimentos m\u00e9dicos que n\u00e3o est\u00e3o previstos na lista da Ag\u00eancia Nacional de Sa\u00fade (ANS). Cabe recurso contra a decis\u00e3o. <img decoding=\"async\" src=\"https:\/\/agenciabrasil.ebc.com.br\/ebc.png?id=1464597&amp;o=node\" \/><img decoding=\"async\" src=\"https:\/\/agenciabrasil.ebc.com.br\/ebc.gif?id=1464597&amp;o=node\" \/><\/p>\n<p>A\u00a0Segunda\u00a0Se\u00e7\u00e3o do STJ entendeu que o rol de procedimentos definidos pela ag\u00eancia \u00e9 taxativo, ou seja, os usu\u00e1rios n\u00e3o t\u00eam direito a exames e tratamentos que est\u00e3o fora da lista.<\/p>\n<p>Por 6 votos a 3, prevaleceu o entendimento do relator, ministro Lu\u00eds Felipe Salom\u00e3o, cujo voto foi proferido em sess\u00f5es anteriores.\u00a0Ao definir que o rol \u00e9 taxativo, o ministro entendeu que haveria um desequil\u00edbrio nos contratos de plano de sa\u00fade se alguns usu\u00e1rios obtivessem na Justi\u00e7a direito a coberturas que outros n\u00e3o t\u00eam. Isso afetaria o equil\u00edbrio econ\u00f4mico do sistema de sa\u00fade complementar e aumentaria os custos para todos os usu\u00e1rios, segundo o ministro.<\/p>\n<p>A lista de procedimentos e tratamentos obrigat\u00f3rios da ANS foi criada em 1998 para estabelecer um m\u00ednimo de cobertura que n\u00e3o poderia ser negada pelos planos de sa\u00fade. O rol vem sendo atualizado desde ent\u00e3o para incorporar novas tecnologias e avan\u00e7os.<\/p>\n<p>Desde ent\u00e3o, \u00e9 comum que usu\u00e1rios de plano de sa\u00fade busquem na Justi\u00e7a o direito de as operadoras pagarem por procedimentos ou tratamentos que ainda n\u00e3o estejam previstos no rol da ANS.<\/p>\n<p>Fonte: Ag\u00eancia Brasil<\/p>\n","protected":false},"excerpt":{"rendered":"<p>O Superior Tribunal de Justi\u00e7a (STJ) decidiu que as operadoras de plano de sa\u00fade n\u00e3o s\u00e3o obrigadas a cobrir procedimentos m\u00e9dicos que n\u00e3o est\u00e3o previstos&#8230;<\/p>\n","protected":false},"author":1527,"featured_media":39680,"comment_status":"closed","ping_status":"closed","sticky":false,"template":"","format":"standard","meta":{"footnotes":""},"categories":[6],"tags":[],"class_list":["post-39679","post","type-post","status-publish","format-standard","has-post-thumbnail","hentry","category-noticias"],"_links":{"self":[{"href":"https:\/\/www.sincomam.org.br\/index.php\/wp-json\/wp\/v2\/posts\/39679","targetHints":{"allow":["GET"]}}],"collection":[{"href":"https:\/\/www.sincomam.org.br\/index.php\/wp-json\/wp\/v2\/posts"}],"about":[{"href":"https:\/\/www.sincomam.org.br\/index.php\/wp-json\/wp\/v2\/types\/post"}],"author":[{"embeddable":true,"href":"https:\/\/www.sincomam.org.br\/index.php\/wp-json\/wp\/v2\/users\/1527"}],"replies":[{"embeddable":true,"href":"https:\/\/www.sincomam.org.br\/index.php\/wp-json\/wp\/v2\/comments?post=39679"}],"version-history":[{"count":1,"href":"https:\/\/www.sincomam.org.br\/index.php\/wp-json\/wp\/v2\/posts\/39679\/revisions"}],"predecessor-version":[{"id":39681,"href":"https:\/\/www.sincomam.org.br\/index.php\/wp-json\/wp\/v2\/posts\/39679\/revisions\/39681"}],"wp:featuredmedia":[{"embeddable":true,"href":"https:\/\/www.sincomam.org.br\/index.php\/wp-json\/wp\/v2\/media\/39680"}],"wp:attachment":[{"href":"https:\/\/www.sincomam.org.br\/index.php\/wp-json\/wp\/v2\/media?parent=39679"}],"wp:term":[{"taxonomy":"category","embeddable":true,"href":"https:\/\/www.sincomam.org.br\/index.php\/wp-json\/wp\/v2\/categories?post=39679"},{"taxonomy":"post_tag","embeddable":true,"href":"https:\/\/www.sincomam.org.br\/index.php\/wp-json\/wp\/v2\/tags?post=39679"}],"curies":[{"name":"wp","href":"https:\/\/api.w.org\/{rel}","templated":true}]}}