{"id":39667,"date":"2022-06-09T08:01:35","date_gmt":"2022-06-09T11:01:35","guid":{"rendered":"http:\/\/www.sincomam.org.br\/?p=39667"},"modified":"2022-06-08T23:03:39","modified_gmt":"2022-06-09T02:03:39","slug":"medidas-de-eficiencia-energetica-poderiam-reduzir-o-equivalente-a-atual-demanda-de-energia-da-china","status":"publish","type":"post","link":"https:\/\/www.sincomam.org.br\/index.php\/medidas-de-eficiencia-energetica-poderiam-reduzir-o-equivalente-a-atual-demanda-de-energia-da-china\/","title":{"rendered":"Medidas de efici\u00eancia energ\u00e9tica poderiam reduzir o equivalente \u00e0 atual demanda de energia da China"},"content":{"rendered":"<p>Um estudo in\u00e9dito divulgado nesta quarta-feira, 8 de junho, durante a 7\u00aa Confer\u00eancia Global Anual sobre Efici\u00eancia Energ\u00e9tica, promovida pela Ag\u00eancia Internacional de Energia (AIE), mostrou que melhorar a efici\u00eancia energ\u00e9tica de 2% para 4% ao ano ao longo desta d\u00e9cada poderia ajudar a atender as metas de zerar as emiss\u00f5es de gases de efeito estufa at\u00e9 2050 com potencial para evitar cerca de 95 exajoule (EJ) por ano de energia, o equivalente ao atual consumo de energia da China.<\/p>\n<p>Intitulado \u201cO valor da a\u00e7\u00e3o urgente em efici\u00eancia energ\u00e9tica\u201d (The value of urgent action on energy efficiency, em ingl\u00eas), o relat\u00f3rio aponta que neste cen\u00e1rio de alta efici\u00eancia, a demanda de energia poderia ser cerca de 5% menor at\u00e9 2030, atendendo a uma economia 40% maior.<\/p>\n<p>Entretanto, alcan\u00e7ar esta meta depende de um impulso global e medidas relacionadas \u00e0 demanda de energia evitada, como eletrifica\u00e7\u00e3o, mudan\u00e7a de comportamento, digitaliza\u00e7\u00e3o e efici\u00eancia de materiais na ind\u00fastria.<\/p>\n<p>O documento aponta que esta a\u00e7\u00e3o poderia reduzir as emiss\u00f5es de di\u00f3xido de carbono em mais 5 bilh\u00f5es de toneladas por ano at\u00e9 2030, em compara\u00e7\u00e3o com as pol\u00edticas atuais. Isso \u00e9 cerca de um ter\u00e7o da redu\u00e7\u00e3o total de emiss\u00f5es necess\u00e1ria nesta d\u00e9cada at\u00e9 2050.<br \/>\n\u201cSem adicionar nenhuma tecnologia inovadora, os pa\u00edses poderiam adotar boas pr\u00e1ticas de efici\u00eancia que podem economizar o equivalente \u00e0 atual demanda energ\u00e9tica da China. A efici\u00eancia energ\u00e9tica \u00e9 uma solu\u00e7\u00e3o cr\u00edtica para muitos dos desafios mais urgentes do mundo e pode simultaneamente tornar nosso fornecimento de energia mais acess\u00edvel, mais seguro e mais sustent\u00e1vel\u201d, disse o diretor executivo da AIE, Fatih Birol.<\/p>\n<p>Essa mudan\u00e7a no esfor\u00e7o global incluiria fornecer, por exemplo, cozinha e aquecimento limpos e eficientes para as popula\u00e7\u00f5es mais pobres e poderia evitar a demanda de mais de 20 EJ para o uso tradicional de biomassa \u2013 como madeira e carv\u00e3o vegetal \u2013 em 2030 em compara\u00e7\u00e3o com as pol\u00edticas atuais, melhorando drasticamente a vida de bilh\u00f5es de pessoas.<\/p>\n<p>Nos c\u00e1lculos da AIE, a economia de energia contribuiria para reduzir as contas de energia dom\u00e9sticas em pelo menos US$ 650 bilh\u00f5es por ano at\u00e9 2030 em compara\u00e7\u00e3o com as pol\u00edticas atuais.<\/p>\n<p>Na avalia\u00e7\u00e3o do ministro do Clima, Energia e Servi\u00e7os P\u00fablicos da Dinamarca, Dan J\u00f8rgensen, n\u00e3o \u00e9 mais uma quest\u00e3o de se devemos implementar solu\u00e7\u00f5es e tecnologias mais eficientes em termos de energia globalmente, \u00e9 uma quest\u00e3o de como vamos fazer isso. \u201cAo aumentar a nossa efici\u00eancia energ\u00e9tica, podemos reduzir completamente a nossa depend\u00eancia do petr\u00f3leo e do g\u00e1s russos e aproximarmo-nos da neutralidade clim\u00e1tica\u201d.<\/p>\n<p>A economia de energia \u00e9 um pilar fundamental do Brasil, que em 2021 passou pela pior crise hidroenerg\u00e9tica dos \u00faltimos 91 anos, mas tamb\u00e9m para a Europa, que quer se livrar dos combust\u00edveis f\u00f3sseis da R\u00fassia e se comprometeu a tornar a efici\u00eancia energ\u00e9tica uma prioridade global em sua estrat\u00e9gia de engajamento externo.<\/p>\n<p>Fonte: Valor<\/p>\n","protected":false},"excerpt":{"rendered":"<p>Um estudo in\u00e9dito divulgado nesta quarta-feira, 8 de junho, durante a 7\u00aa Confer\u00eancia Global Anual sobre Efici\u00eancia Energ\u00e9tica, promovida pela Ag\u00eancia Internacional de Energia (AIE),&#8230;<\/p>\n","protected":false},"author":1527,"featured_media":39668,"comment_status":"closed","ping_status":"closed","sticky":false,"template":"","format":"standard","meta":{"footnotes":""},"categories":[6],"tags":[],"class_list":["post-39667","post","type-post","status-publish","format-standard","has-post-thumbnail","hentry","category-noticias"],"_links":{"self":[{"href":"https:\/\/www.sincomam.org.br\/index.php\/wp-json\/wp\/v2\/posts\/39667","targetHints":{"allow":["GET"]}}],"collection":[{"href":"https:\/\/www.sincomam.org.br\/index.php\/wp-json\/wp\/v2\/posts"}],"about":[{"href":"https:\/\/www.sincomam.org.br\/index.php\/wp-json\/wp\/v2\/types\/post"}],"author":[{"embeddable":true,"href":"https:\/\/www.sincomam.org.br\/index.php\/wp-json\/wp\/v2\/users\/1527"}],"replies":[{"embeddable":true,"href":"https:\/\/www.sincomam.org.br\/index.php\/wp-json\/wp\/v2\/comments?post=39667"}],"version-history":[{"count":1,"href":"https:\/\/www.sincomam.org.br\/index.php\/wp-json\/wp\/v2\/posts\/39667\/revisions"}],"predecessor-version":[{"id":39669,"href":"https:\/\/www.sincomam.org.br\/index.php\/wp-json\/wp\/v2\/posts\/39667\/revisions\/39669"}],"wp:featuredmedia":[{"embeddable":true,"href":"https:\/\/www.sincomam.org.br\/index.php\/wp-json\/wp\/v2\/media\/39668"}],"wp:attachment":[{"href":"https:\/\/www.sincomam.org.br\/index.php\/wp-json\/wp\/v2\/media?parent=39667"}],"wp:term":[{"taxonomy":"category","embeddable":true,"href":"https:\/\/www.sincomam.org.br\/index.php\/wp-json\/wp\/v2\/categories?post=39667"},{"taxonomy":"post_tag","embeddable":true,"href":"https:\/\/www.sincomam.org.br\/index.php\/wp-json\/wp\/v2\/tags?post=39667"}],"curies":[{"name":"wp","href":"https:\/\/api.w.org\/{rel}","templated":true}]}}