{"id":39656,"date":"2022-06-08T11:00:24","date_gmt":"2022-06-08T14:00:24","guid":{"rendered":"http:\/\/www.sincomam.org.br\/?p=39656"},"modified":"2022-06-08T11:00:24","modified_gmt":"2022-06-08T14:00:24","slug":"camara-aprova-pl-que-preve-reembolso-na-tarifa-de-energia","status":"publish","type":"post","link":"https:\/\/www.sincomam.org.br\/index.php\/camara-aprova-pl-que-preve-reembolso-na-tarifa-de-energia\/","title":{"rendered":"C\u00e2mara aprova PL que prev\u00ea reembolso na tarifa de energia"},"content":{"rendered":"<p>A C\u00e2mara dos Deputados aprovou nesta ter\u00e7a-feira um projeto de lei que define os procedimentos para a Ag\u00eancia Nacional de Energia El\u00e9trica (Aneel) devolver ao consumidor os valores do Programa de Integra\u00e7\u00e3o Social (PIS) e da Contribui\u00e7\u00e3o para o Financiamento da Seguridade Social (Cofins) pagos a mais pelas distribuidoras por meio de revis\u00e3o das tarifas de energia. O texto segue para san\u00e7\u00e3o.\u00a0<img decoding=\"async\" src=\"https:\/\/agenciabrasil.ebc.com.br\/ebc.png?id=1464411&amp;o=node\" \/><img decoding=\"async\" src=\"https:\/\/agenciabrasil.ebc.com.br\/ebc.gif?id=1464411&amp;o=node\" \/><\/p>\n<p>Pela proposta, a Aneel dever\u00e1 promover revis\u00e3o tarif\u00e1ria extraordin\u00e1ria neste ano, quando os valores a devolver vierem de decis\u00f5es judiciais anteriores \u00e0 vig\u00eancia da futura lei. Essa situa\u00e7\u00e3o s\u00f3 n\u00e3o abrande duas distribuidoras de energia el\u00e9trica. A revis\u00e3o tamb\u00e9m ser\u00e1 aplicada \u00e0s distribuidoras com processos tarif\u00e1rios homologados a partir de janeiro de 2022.<\/p>\n<p>Segundo dados da Aneel, dos R$ 60,3 bilh\u00f5es em cr\u00e9ditos a devolver pela Uni\u00e3o \u00e0s distribuidoras, R$ 47,6 bilh\u00f5es ainda n\u00e3o foram restitu\u00eddos aos consumidores. O restante entrou em revis\u00f5es tarif\u00e1rias desde 2020 que resultaram em redu\u00e7\u00e3o m\u00e9dia de 5% at\u00e9 ent\u00e3o.<\/p>\n<p>A ag\u00eancia explicou que, devido \u00e0s diferentes dadas de ajuizamento das a\u00e7\u00f5es pelas distribuidoras, os resultados ser\u00e3o diferentes dependendo da regi\u00e3o e da \u00e1rea de atua\u00e7\u00e3o das concession\u00e1rias. Como as revis\u00f5es consideram outros custos que poderiam aumentar a tarifa na revis\u00e3o, n\u00e3o necessariamente os valores implicar\u00e3o em redu\u00e7\u00e3o da fatura, mas em um aumento menor.<\/p>\n<p>Fonte: Ag\u00eancia C\u00e2mara de Not\u00edcias<\/p>\n","protected":false},"excerpt":{"rendered":"<p>A C\u00e2mara dos Deputados aprovou nesta ter\u00e7a-feira um projeto de lei que define os procedimentos para a Ag\u00eancia Nacional de Energia El\u00e9trica (Aneel) devolver ao&#8230;<\/p>\n","protected":false},"author":1527,"featured_media":39657,"comment_status":"closed","ping_status":"closed","sticky":false,"template":"","format":"standard","meta":{"footnotes":""},"categories":[6],"tags":[],"class_list":["post-39656","post","type-post","status-publish","format-standard","has-post-thumbnail","hentry","category-noticias"],"_links":{"self":[{"href":"https:\/\/www.sincomam.org.br\/index.php\/wp-json\/wp\/v2\/posts\/39656","targetHints":{"allow":["GET"]}}],"collection":[{"href":"https:\/\/www.sincomam.org.br\/index.php\/wp-json\/wp\/v2\/posts"}],"about":[{"href":"https:\/\/www.sincomam.org.br\/index.php\/wp-json\/wp\/v2\/types\/post"}],"author":[{"embeddable":true,"href":"https:\/\/www.sincomam.org.br\/index.php\/wp-json\/wp\/v2\/users\/1527"}],"replies":[{"embeddable":true,"href":"https:\/\/www.sincomam.org.br\/index.php\/wp-json\/wp\/v2\/comments?post=39656"}],"version-history":[{"count":1,"href":"https:\/\/www.sincomam.org.br\/index.php\/wp-json\/wp\/v2\/posts\/39656\/revisions"}],"predecessor-version":[{"id":39658,"href":"https:\/\/www.sincomam.org.br\/index.php\/wp-json\/wp\/v2\/posts\/39656\/revisions\/39658"}],"wp:featuredmedia":[{"embeddable":true,"href":"https:\/\/www.sincomam.org.br\/index.php\/wp-json\/wp\/v2\/media\/39657"}],"wp:attachment":[{"href":"https:\/\/www.sincomam.org.br\/index.php\/wp-json\/wp\/v2\/media?parent=39656"}],"wp:term":[{"taxonomy":"category","embeddable":true,"href":"https:\/\/www.sincomam.org.br\/index.php\/wp-json\/wp\/v2\/categories?post=39656"},{"taxonomy":"post_tag","embeddable":true,"href":"https:\/\/www.sincomam.org.br\/index.php\/wp-json\/wp\/v2\/tags?post=39656"}],"curies":[{"name":"wp","href":"https:\/\/api.w.org\/{rel}","templated":true}]}}