{"id":39650,"date":"2022-06-08T10:42:32","date_gmt":"2022-06-08T13:42:32","guid":{"rendered":"http:\/\/www.sincomam.org.br\/?p=39650"},"modified":"2022-06-08T10:42:32","modified_gmt":"2022-06-08T13:42:32","slug":"comandante-da-marinha-visita-o-comando-do-6o-distrito-naval","status":"publish","type":"post","link":"https:\/\/www.sincomam.org.br\/index.php\/comandante-da-marinha-visita-o-comando-do-6o-distrito-naval\/","title":{"rendered":"Comandante da Marinha visita o Comando do 6\u00ba Distrito Naval"},"content":{"rendered":"<p>O Comandante da Marinha, Almirante de Esquadra Almir Garnier Santos, visitou Organiza\u00e7\u00f5es Militares (OM) subordinadas ao Comando do 6\u00ba Distrito Naval (Com6\u00baDN) e localizadas \u00e0s margens do Rio Paraguai, nas cidades de Lad\u00e1rio e Corumb\u00e1 (MS).<br \/>\nO prop\u00f3sito da visita foi verificar as atuais condi\u00e7\u00f5es operativas e a atua\u00e7\u00e3o da Marinha no Oeste do Pa\u00eds, regi\u00e3o fronteiri\u00e7a cortada por importantes rios e que abriga o bioma do Pantanal.<\/p>\n<p>A programa\u00e7\u00e3o incluiu uma homenagem aos marinheiros mortos na Guerra da Tr\u00edplice Alian\u00e7a, em cerim\u00f4nia realizada a bordo do Monitor \u201cParna\u00edba\u201d, navio de guerra armado mais antigo do mundo em atividade, que, em 2022, completa 85 anos de comissionamento na Marinha do Brasil. \u201cManter o navio em servi\u00e7o em pleno s\u00e9culo 21, em adequadas condi\u00e7\u00f5es de combate e capaz de contribuir para a manuten\u00e7\u00e3o da soberania do Brasil na nossa fronteira oeste \u00e9 um orgulho para a nossa Marinha\u201d, declarou o Almirante Garnier, referindo-se ao Monitor \u201cParna\u00edba\u201d.<\/p>\n<p>No mesmo dia, o Comandante da Marinha, acompanhado do Comandante do 6\u00ba Distrito Naval, assistiu a uma demonstra\u00e7\u00e3o de combate a inc\u00eandios florestais, com o emprego de aeronave UH-12 e Lancha de Opera\u00e7\u00f5es Ribeirinhas, conduzida por militares capacitados como brigadistas; e conheceu as instala\u00e7\u00f5es de manuten\u00e7\u00e3o e constru\u00e7\u00e3o de embarca\u00e7\u00f5es da Base Fluvial de Lad\u00e1rio (BFLa).<\/p>\n<p>O Almirante Garnier tamb\u00e9m conheceu a Sala de Mem\u00f3ria \u201cTenente Maximiano\u201d, que re\u00fane importante acervo hist\u00f3rico do Com6\u00baDN e desse her\u00f3i militar, que teve a sua vida dedicada \u00e0 Marinha; e, no 3\u00ba Batalh\u00e3o de Opera\u00e7\u00f5es Ribeirinhas, foi apresentado ao Sargento Fuzileiro Naval (Ref\u00ba) Edson Arguelo da Silva que, aos 97 anos de idade, \u00e9 o Veterano mais idoso da regi\u00e3o Lad\u00e1rio-Corumb\u00e1.<\/p>\n<p>Em proveito da agenda administrativa, o Comandante da Marinha buscou estreitar os la\u00e7os da institui\u00e7\u00e3o com a sociedade local, concedendo entrevista \u00e0 R\u00e1dio Marinha e encontrando-se com representantes da Sociedade Amigos da Marinha e autoridades de Lad\u00e1rio e Corumb\u00e1.<\/p>\n<p>O Comandante da Marinha visitou, ainda, o Hospital Naval de Lad\u00e1rio e as obras em fase de conclus\u00e3o da Divis\u00e3o de Odontologia; o Centro de Intend\u00eancia da Marinha em Lad\u00e1rio; o Centro de Hidrografia e Navega\u00e7\u00e3o do Oeste; e os clubes de Pra\u00e7as e Oficiais, quando teve a oportunidade de acompanhar as atividades e conversar com crian\u00e7as participantes do Programa For\u00e7as no Esporte.<\/p>\n<p>Na sequ\u00eancia, o Almirante Garnier almo\u00e7ou com a tripula\u00e7\u00e3o da BFLa e discursou para mais de mil militares que servem no Complexo Naval, aos quais disse que \u201co mais importante n\u00e3o \u00e9 aonde podemos chegar, mas como chegamos; como nossos pais, pares e subordinados nos veem; como a nossa fam\u00edlia nos admira. O exemplo e o esfor\u00e7o pessoal nos ajudam a formar o futuro da Marinha. Deus me deu a chance de prorrogar a alegria e o orgulho que \u00e9 envergar este uniforme e ter a oportunidade de orientar o futuro da Marinha, representado pelos mais jovens aqui presentes\u201d.<\/p>\n<p>Fonte: Defesa em Foco<\/p>\n","protected":false},"excerpt":{"rendered":"<p>O Comandante da Marinha, Almirante de Esquadra Almir Garnier Santos, visitou Organiza\u00e7\u00f5es Militares (OM) subordinadas ao Comando do 6\u00ba Distrito Naval (Com6\u00baDN) e localizadas \u00e0s&#8230;<\/p>\n","protected":false},"author":1527,"featured_media":39651,"comment_status":"closed","ping_status":"closed","sticky":false,"template":"","format":"standard","meta":{"footnotes":""},"categories":[6],"tags":[],"class_list":["post-39650","post","type-post","status-publish","format-standard","has-post-thumbnail","hentry","category-noticias"],"_links":{"self":[{"href":"https:\/\/www.sincomam.org.br\/index.php\/wp-json\/wp\/v2\/posts\/39650","targetHints":{"allow":["GET"]}}],"collection":[{"href":"https:\/\/www.sincomam.org.br\/index.php\/wp-json\/wp\/v2\/posts"}],"about":[{"href":"https:\/\/www.sincomam.org.br\/index.php\/wp-json\/wp\/v2\/types\/post"}],"author":[{"embeddable":true,"href":"https:\/\/www.sincomam.org.br\/index.php\/wp-json\/wp\/v2\/users\/1527"}],"replies":[{"embeddable":true,"href":"https:\/\/www.sincomam.org.br\/index.php\/wp-json\/wp\/v2\/comments?post=39650"}],"version-history":[{"count":1,"href":"https:\/\/www.sincomam.org.br\/index.php\/wp-json\/wp\/v2\/posts\/39650\/revisions"}],"predecessor-version":[{"id":39652,"href":"https:\/\/www.sincomam.org.br\/index.php\/wp-json\/wp\/v2\/posts\/39650\/revisions\/39652"}],"wp:featuredmedia":[{"embeddable":true,"href":"https:\/\/www.sincomam.org.br\/index.php\/wp-json\/wp\/v2\/media\/39651"}],"wp:attachment":[{"href":"https:\/\/www.sincomam.org.br\/index.php\/wp-json\/wp\/v2\/media?parent=39650"}],"wp:term":[{"taxonomy":"category","embeddable":true,"href":"https:\/\/www.sincomam.org.br\/index.php\/wp-json\/wp\/v2\/categories?post=39650"},{"taxonomy":"post_tag","embeddable":true,"href":"https:\/\/www.sincomam.org.br\/index.php\/wp-json\/wp\/v2\/tags?post=39650"}],"curies":[{"name":"wp","href":"https:\/\/api.w.org\/{rel}","templated":true}]}}