{"id":39641,"date":"2022-06-08T10:36:42","date_gmt":"2022-06-08T13:36:42","guid":{"rendered":"http:\/\/www.sincomam.org.br\/?p=39641"},"modified":"2022-06-08T10:36:55","modified_gmt":"2022-06-08T13:36:55","slug":"mais-de-45-navios-de-guerra-se-reunem-no-mar-baltico-para-iniciar-o-baltops-22","status":"publish","type":"post","link":"https:\/\/www.sincomam.org.br\/index.php\/mais-de-45-navios-de-guerra-se-reunem-no-mar-baltico-para-iniciar-o-baltops-22\/","title":{"rendered":"Mais de 45 navios de guerra se re\u00fanem no Mar B\u00e1ltico para iniciar o Baltops 22"},"content":{"rendered":"<p>Opera\u00e7\u00f5es do Exerc\u00edcio Naval no B\u00e1ltico \u2013 Baltops 22, conta com a participa\u00e7\u00e3o de quatorze aliados da OTAN, duas na\u00e7\u00f5es parceiras da OTAN e mais de 45 navios que chegaram a Estocolmo em 5 de junho.<\/p>\n<p>Este exerc\u00edcio naval anual focado na regi\u00e3o mar\u00edtima do B\u00e1ltico, ocorre de 5 a 17 de junho e oferece uma oportunidade \u00fanica de treinamento para fortalecer a capacidade de resposta combinada cr\u00edtica para preservar a liberdade de navega\u00e7\u00e3o e seguran\u00e7a no mar B\u00e1ltico. Este ano marca a 51\u00aa vez que o exerc\u00edcio, que come\u00e7ou em 1972, \u00e9 realizado.<\/p>\n<p>As na\u00e7\u00f5es participantes incluem B\u00e9lgica, Bulg\u00e1ria, Dinamarca, Est\u00f4nia, Finl\u00e2ndia, Fran\u00e7a, Alemanha, Let\u00f4nia, Litu\u00e2nia, Holanda, Noruega, Pol\u00f4nia, Su\u00e9cia, Turquia, Reino Unido e EUA.<\/p>\n<p>Esses pa\u00edses exercer\u00e3o uma infinidade de capacidades que demonstram a flexibilidade das for\u00e7as mar\u00edtimas. Os cen\u00e1rios de exerc\u00edcios incluem opera\u00e7\u00f5es anf\u00edbias, artilharia, anti-submarina, defesa a\u00e9rea, opera\u00e7\u00f5es de libera\u00e7\u00e3o de minas, descarte explosivo de muni\u00e7\u00f5es, ve\u00edculos subaqu\u00e1ticos n\u00e3o tripulados e resposta m\u00e9dica.<\/p>\n<p>O exerc\u00edcio deste ano tamb\u00e9m est\u00e1 marcado com a participa\u00e7\u00e3o de dois pa\u00edses, Finl\u00e2ndia e Su\u00e9cia. Exclusivo para o BALTOPS 22 \u00e9 a celebra\u00e7\u00e3o da Su\u00e9cia do 500\u00ba anivers\u00e1rio de sua Marinha, coincidindo com o exerc\u00edcio.<\/p>\n<p>FONTE: Naval Today<\/p>\n","protected":false},"excerpt":{"rendered":"<p>Opera\u00e7\u00f5es do Exerc\u00edcio Naval no B\u00e1ltico \u2013 Baltops 22, conta com a participa\u00e7\u00e3o de quatorze aliados da OTAN, duas na\u00e7\u00f5es parceiras da OTAN e mais&#8230;<\/p>\n","protected":false},"author":1527,"featured_media":39642,"comment_status":"closed","ping_status":"closed","sticky":false,"template":"","format":"standard","meta":{"footnotes":""},"categories":[6],"tags":[],"class_list":["post-39641","post","type-post","status-publish","format-standard","has-post-thumbnail","hentry","category-noticias"],"_links":{"self":[{"href":"https:\/\/www.sincomam.org.br\/index.php\/wp-json\/wp\/v2\/posts\/39641","targetHints":{"allow":["GET"]}}],"collection":[{"href":"https:\/\/www.sincomam.org.br\/index.php\/wp-json\/wp\/v2\/posts"}],"about":[{"href":"https:\/\/www.sincomam.org.br\/index.php\/wp-json\/wp\/v2\/types\/post"}],"author":[{"embeddable":true,"href":"https:\/\/www.sincomam.org.br\/index.php\/wp-json\/wp\/v2\/users\/1527"}],"replies":[{"embeddable":true,"href":"https:\/\/www.sincomam.org.br\/index.php\/wp-json\/wp\/v2\/comments?post=39641"}],"version-history":[{"count":1,"href":"https:\/\/www.sincomam.org.br\/index.php\/wp-json\/wp\/v2\/posts\/39641\/revisions"}],"predecessor-version":[{"id":39643,"href":"https:\/\/www.sincomam.org.br\/index.php\/wp-json\/wp\/v2\/posts\/39641\/revisions\/39643"}],"wp:featuredmedia":[{"embeddable":true,"href":"https:\/\/www.sincomam.org.br\/index.php\/wp-json\/wp\/v2\/media\/39642"}],"wp:attachment":[{"href":"https:\/\/www.sincomam.org.br\/index.php\/wp-json\/wp\/v2\/media?parent=39641"}],"wp:term":[{"taxonomy":"category","embeddable":true,"href":"https:\/\/www.sincomam.org.br\/index.php\/wp-json\/wp\/v2\/categories?post=39641"},{"taxonomy":"post_tag","embeddable":true,"href":"https:\/\/www.sincomam.org.br\/index.php\/wp-json\/wp\/v2\/tags?post=39641"}],"curies":[{"name":"wp","href":"https:\/\/api.w.org\/{rel}","templated":true}]}}