{"id":39610,"date":"2022-06-07T09:21:30","date_gmt":"2022-06-07T12:21:30","guid":{"rendered":"http:\/\/www.sincomam.org.br\/?p=39610"},"modified":"2022-06-07T09:22:00","modified_gmt":"2022-06-07T12:22:00","slug":"39610","status":"publish","type":"post","link":"https:\/\/www.sincomam.org.br\/index.php\/39610\/","title":{"rendered":"Servidores do INSS retornam ao trabalho presencial"},"content":{"rendered":"<p>O Instituto Nacional do Seguro Social (INSS) publicou no Di\u00e1rio Oficial da Uni\u00e3o uma portaria determinando o retorno dos servidores ao trabalho presencial.<\/p>\n<p>A medida se aplica aos servidores, empregados p\u00fablicos, contratados tempor\u00e1rios e estagi\u00e1rios do \u00f3rg\u00e3o que estavam em trabalho remoto em raz\u00e3o da emerg\u00eancia de sa\u00fade p\u00fablica decorrente da pandemia de covid-19.<\/p>\n<p>A portaria tamb\u00e9m dispensou o uso de m\u00e1scara de prote\u00e7\u00e3o facial nas unidades do INSS. O texto diz que os servidores dever\u00e3o seguir as regras de prote\u00e7\u00e3o individual obrigat\u00f3ria, isolamento, quarentena e outras condi\u00e7\u00f5es de funcionamento estabelecidas pelos estados, Distrito Federal e munic\u00edpios.<\/p>\n<p>Suspenso em 2020 em raz\u00e3o da pandemia, o retorno \u00e0s atividades presenciais do \u00f3rg\u00e3o vem ocorrendo gradualmente desde o ano passado mediante agendamento pr\u00e9vio.<\/p>\n<p>Em mar\u00e7o, o INSS j\u00e1 havia publicado outra portaria, desta vez, dispensando a necessidade de agendamento pr\u00e9vio para atendimento nas ag\u00eancias. Na ocasi\u00e3o, al\u00e9m dos pedidos j\u00e1 agendados, as ag\u00eancias retomaram tamb\u00e9m o chamado atendimento espont\u00e2neo, realizado na triagem, no autoatendimento orientado ou em guich\u00ea espec\u00edfico para informa\u00e7\u00e3o, sem necessidade de pr\u00e9vio agendamento.<\/p>\n<p>Al\u00e9m do INSS, outros \u00f3rg\u00e3os da administra\u00e7\u00e3o federal, a exemplo da Receita Federal, tamb\u00e9m retomaram as atividades presenciais nesta segunda-feira. O retorno faz parte de uma decis\u00e3o do governo federal de retomada das atividades presenciais dos servidores e empregados p\u00fablicos que atuam na administra\u00e7\u00e3o p\u00fablica.<\/p>\n<p>Fonte: Ag\u00eancia Brasil<\/p>\n","protected":false},"excerpt":{"rendered":"<p>O Instituto Nacional do Seguro Social (INSS) publicou no Di\u00e1rio Oficial da Uni\u00e3o uma portaria determinando o retorno dos servidores ao trabalho presencial. A medida&#8230;<\/p>\n","protected":false},"author":1527,"featured_media":39611,"comment_status":"closed","ping_status":"closed","sticky":false,"template":"","format":"standard","meta":{"footnotes":""},"categories":[6],"tags":[],"class_list":["post-39610","post","type-post","status-publish","format-standard","has-post-thumbnail","hentry","category-noticias"],"_links":{"self":[{"href":"https:\/\/www.sincomam.org.br\/index.php\/wp-json\/wp\/v2\/posts\/39610","targetHints":{"allow":["GET"]}}],"collection":[{"href":"https:\/\/www.sincomam.org.br\/index.php\/wp-json\/wp\/v2\/posts"}],"about":[{"href":"https:\/\/www.sincomam.org.br\/index.php\/wp-json\/wp\/v2\/types\/post"}],"author":[{"embeddable":true,"href":"https:\/\/www.sincomam.org.br\/index.php\/wp-json\/wp\/v2\/users\/1527"}],"replies":[{"embeddable":true,"href":"https:\/\/www.sincomam.org.br\/index.php\/wp-json\/wp\/v2\/comments?post=39610"}],"version-history":[{"count":2,"href":"https:\/\/www.sincomam.org.br\/index.php\/wp-json\/wp\/v2\/posts\/39610\/revisions"}],"predecessor-version":[{"id":39614,"href":"https:\/\/www.sincomam.org.br\/index.php\/wp-json\/wp\/v2\/posts\/39610\/revisions\/39614"}],"wp:featuredmedia":[{"embeddable":true,"href":"https:\/\/www.sincomam.org.br\/index.php\/wp-json\/wp\/v2\/media\/39611"}],"wp:attachment":[{"href":"https:\/\/www.sincomam.org.br\/index.php\/wp-json\/wp\/v2\/media?parent=39610"}],"wp:term":[{"taxonomy":"category","embeddable":true,"href":"https:\/\/www.sincomam.org.br\/index.php\/wp-json\/wp\/v2\/categories?post=39610"},{"taxonomy":"post_tag","embeddable":true,"href":"https:\/\/www.sincomam.org.br\/index.php\/wp-json\/wp\/v2\/tags?post=39610"}],"curies":[{"name":"wp","href":"https:\/\/api.w.org\/{rel}","templated":true}]}}