{"id":39602,"date":"2022-06-07T09:06:10","date_gmt":"2022-06-07T12:06:10","guid":{"rendered":"http:\/\/www.sincomam.org.br\/?p=39602"},"modified":"2022-06-07T09:06:10","modified_gmt":"2022-06-07T12:06:10","slug":"taxa-de-positividade-para-covid-19-aumenta-no-rio-de-janeiro","status":"publish","type":"post","link":"https:\/\/www.sincomam.org.br\/index.php\/taxa-de-positividade-para-covid-19-aumenta-no-rio-de-janeiro\/","title":{"rendered":"Taxa de positividade para covid-19 aumenta no Rio de Janeiro"},"content":{"rendered":"<p>O Panorama Covid-19, divulgado hoje (6) pela Secretaria de Sa\u00fade do Rio de Janeiro (SES-RJ) aponta um aumento da taxa de positividade dos exames de ant\u00edgeno e RT-PCR utilizados para detectar a doen\u00e7a, mas que n\u00e3o se reflete nas interna\u00e7\u00f5es e \u00f3bitos. O exame mostra por meio de um diagn\u00f3stico laboratorial, feito por biologia molecular, a presen\u00e7a do material gen\u00e9tico (RNA) do v\u00edrus Sars-Cov-2 em amostras de secre\u00e7\u00e3o respirat\u00f3ria.<\/p>\n<p>De acordo com a secretaria, desde a semana passada observa-se um crescimento cont\u00ednuo nesses indicadores precoces, que, no entanto, n\u00e3o configuram cen\u00e1rio semelhante aos que precederam as ondas da pandemia no estado do Rio de Janeiro.<\/p>\n<p>\u201cA taxa de positividade de RT-PCR, exame feito em sua maioria em pacientes internados, est\u00e1 em 21,4%, quando se calcula a m\u00e9dia m\u00f3vel de 7 dias no per\u00edodo de 22 a 28 de maio. Usando o mesmo c\u00e1lculo, entre 15 e 21 de maio, a positividade estava em 15%. J\u00e1 a taxa positividade para testes de ant\u00edgeno passou de 18,4%, quando se calcula a m\u00e9dia m\u00f3vel de 7 dias no per\u00edodo de 15 a 21 de maio, para 22%, entre 22 e 28 de maio. Esse dado inclui os testes realizados em unidades de sa\u00fade p\u00fablicas e privadas do estado do Rio\u201d, avaliou a secretaria, em nota.<\/p>\n<p>O secret\u00e1rio de Sa\u00fade, Alexandre Chieppe, explicou que estamos num per\u00edodo em que as doen\u00e7as respirat\u00f3rias tendem a aumentar. \u201c\u00c9 o que chamamos de sazonalidade. A gente acredita que essa taxa de positividade, em torno dos 20%, seja a esperada para covid-19 nos meses de menor temperatura. N\u00e3o estamos observando aumento significativo de interna\u00e7\u00f5es e isso se deve \u00e0 alta cobertura vacinal no estado. Por isso, \u00e9 fundamental que as pessoas retornem aos postos para receber a dose de refor\u00e7o\u201d.<\/p>\n<p>O n\u00famero de atendimentos a casos de s\u00edndrome gripal em unidades de Pronto Atendimento (UPA), teve um aumento de 5% em rela\u00e7\u00e3o \u00e0 semana passada. Na semana de 15 a 21 de maio, foram em m\u00e9dia 374 atendimentos di\u00e1rios de pacientes com s\u00edndrome gripal, sendo 237 pedi\u00e1tricos. Na semana de 22 a 28 de maio, a m\u00e9dia di\u00e1ria de atendimentos foi de 396, sendo 238 pedi\u00e1tricos.<\/p>\n<p>\u201cJ\u00e1 na semana de 22 a 28 de maio, a m\u00e9dia di\u00e1ria de solicita\u00e7\u00f5es de leito covid-19 foi de seis para UTI e cinco de enfermaria. No mesmo per\u00edodo, a m\u00e9dia di\u00e1ria de pessoas aguardando leito covid-19 foi de quatro para UTI e duas para enfermaria. N\u00e3o foi observado aumento significativo de interna\u00e7\u00f5es e \u00f3bitos provocados pela doen\u00e7a. A SES atribui este fator \u00e0 cobertura vacinal no estado\u201d, informou a nota.<\/p>\n<p>A secretaria informou ainda que com base no plano de conting\u00eancia s\u00e3o definidas medidas a serem tomadas para conter a transmiss\u00e3o do v\u00edrus. Em maio, a capacidade de atendimento foi ampliada em mais 41 leitos pedi\u00e1tricos na rede estadual de sa\u00fade.<\/p>\n<p>Fonte: Ag\u00eancia Brasil<\/p>\n","protected":false},"excerpt":{"rendered":"<p>O Panorama Covid-19, divulgado hoje (6) pela Secretaria de Sa\u00fade do Rio de Janeiro (SES-RJ) aponta um aumento da taxa de positividade dos exames de&#8230;<\/p>\n","protected":false},"author":1527,"featured_media":30047,"comment_status":"closed","ping_status":"closed","sticky":false,"template":"","format":"standard","meta":{"footnotes":""},"categories":[6],"tags":[],"class_list":["post-39602","post","type-post","status-publish","format-standard","has-post-thumbnail","hentry","category-noticias"],"_links":{"self":[{"href":"https:\/\/www.sincomam.org.br\/index.php\/wp-json\/wp\/v2\/posts\/39602","targetHints":{"allow":["GET"]}}],"collection":[{"href":"https:\/\/www.sincomam.org.br\/index.php\/wp-json\/wp\/v2\/posts"}],"about":[{"href":"https:\/\/www.sincomam.org.br\/index.php\/wp-json\/wp\/v2\/types\/post"}],"author":[{"embeddable":true,"href":"https:\/\/www.sincomam.org.br\/index.php\/wp-json\/wp\/v2\/users\/1527"}],"replies":[{"embeddable":true,"href":"https:\/\/www.sincomam.org.br\/index.php\/wp-json\/wp\/v2\/comments?post=39602"}],"version-history":[{"count":1,"href":"https:\/\/www.sincomam.org.br\/index.php\/wp-json\/wp\/v2\/posts\/39602\/revisions"}],"predecessor-version":[{"id":39603,"href":"https:\/\/www.sincomam.org.br\/index.php\/wp-json\/wp\/v2\/posts\/39602\/revisions\/39603"}],"wp:featuredmedia":[{"embeddable":true,"href":"https:\/\/www.sincomam.org.br\/index.php\/wp-json\/wp\/v2\/media\/30047"}],"wp:attachment":[{"href":"https:\/\/www.sincomam.org.br\/index.php\/wp-json\/wp\/v2\/media?parent=39602"}],"wp:term":[{"taxonomy":"category","embeddable":true,"href":"https:\/\/www.sincomam.org.br\/index.php\/wp-json\/wp\/v2\/categories?post=39602"},{"taxonomy":"post_tag","embeddable":true,"href":"https:\/\/www.sincomam.org.br\/index.php\/wp-json\/wp\/v2\/tags?post=39602"}],"curies":[{"name":"wp","href":"https:\/\/api.w.org\/{rel}","templated":true}]}}