{"id":39586,"date":"2022-06-06T10:47:14","date_gmt":"2022-06-06T13:47:14","guid":{"rendered":"http:\/\/www.sincomam.org.br\/?p=39586"},"modified":"2022-06-06T10:54:47","modified_gmt":"2022-06-06T13:54:47","slug":"escola-do-mar-realiza-acoes-educativas-para-comemorar-o-dia-mundial-dos-oceanos-em-florianopolis","status":"publish","type":"post","link":"https:\/\/www.sincomam.org.br\/index.php\/escola-do-mar-realiza-acoes-educativas-para-comemorar-o-dia-mundial-dos-oceanos-em-florianopolis\/","title":{"rendered":"Escola do Mar realiza a\u00e7\u00f5es educativas para comemorar o Dia Mundial dos Oceanos em Florian\u00f3polis"},"content":{"rendered":"<p>No Dia Mundial dos Oceanos (8\/6), quarta-feira, a Escola do Mar e diversas institui\u00e7\u00f5es parceiras realizar\u00e3o uma a\u00e7\u00e3o de limpeza das praias de Canasvieiras e Cachoeira do Bom Jesus, uma navega\u00e7\u00e3o pela Costa Norte e exposi\u00e7\u00f5es envolvendo o meio ambiente e a sustentabilidade.<\/p>\n<p>A limpeza das praias ter\u00e1 a participa\u00e7\u00e3o das turmas de 9\u00ba anos das escolas b\u00e1sicas municipais, Virg\u00edlio dos Reis V\u00e1rzea, Osmar Cunha, Albertina Madalena Dias e Intendente Aricomedes da Silva. O objetivo \u00e9 informar aos estudantes e \u00e0 comunidade local sobre a import\u00e2ncia dos oceanos na vida do seres vivos.<\/p>\n<p>J\u00e1 as exposi\u00e7\u00f5es ocorrer\u00e3o em um terreno ao lado da sede da Escola do Mar, em Canasvieiras, e contar\u00e3o com apresenta\u00e7\u00f5es dos laborat\u00f3rios da UFSC, do Projeto Tamar, Instituto do Meio Ambiente e outros, que abordar\u00e3o assuntos sobre o ecossistema marinho e costeiro.<\/p>\n<p>A navega\u00e7\u00e3o pela Costa Norte ser\u00e1 destinada para as escolas municipais participantes da a\u00e7\u00e3o. Com capacidade para at\u00e9 40 pessoas, um barco sair\u00e1 do Trapiche de Canasvieiras com destino a Ponta das Canas e por fim, retornar\u00e1 para o local de embarque.<\/p>\n<p><strong>O QUE \u00c9 A ESCOLA DO MAR?<\/strong><\/p>\n<p>\u00c9 um projeto extracurricular da Secretaria Municipal de Educa\u00e7\u00e3o de Florian\u00f3polis que desenvolve atividades para sensibiliza\u00e7\u00e3o e preserva\u00e7\u00e3o ambiental marinha e costeira e educa\u00e7\u00e3o Patrimonial com crian\u00e7as, adolescentes, jovens e adultos da rede de ensino da Grande Florian\u00f3polis e do Estado.<\/p>\n<p>Algumas das atividades que realizam s\u00e3o: reconhecimento das \u00e1reas naturais e ecossistemas marinhos e costeiros da Ilha de Santa Catarina e regi\u00e3o, valoriza\u00e7\u00e3o da cultura e hist\u00f3ria local, articula\u00e7\u00e3o interdisciplinar a partir de diferentes espa\u00e7os educativos e forma\u00e7\u00e3o continuada dos profissionais educadores.<\/p>\n<p><strong>PROGRAMA\u00c7\u00c3O COMPLETA DO DIA MUNDIAL DOS OCEANOS:<\/strong><\/p>\n<p>Exposi\u00e7\u00f5es \u00a0&#8211; Hor\u00e1rio: 9h \u00e0s 12h<br \/>\nLocal: Rua Antenor Borges, 409 &#8211; Canasvieiras<\/p>\n<p>&#8211; Desmitificando tubar\u00f5es e raias \u2013 Laborat\u00f3rio de Biologia de Tele\u00f3steos e Elasmobranquios da UFSC<\/p>\n<p>&#8211; \u201cDe repente, extraordin\u00e1ria! &#8211; Fritz Muller 200 anos\u201d \u2013 Laborat\u00f3rio de Biodiversidade Marinha da UFSC<\/p>\n<p>&#8211; Projeto TAMAR: Tartarugas Marinhas<\/p>\n<p>&#8211; Projeto Escolas \u00e0 Beira Mar: Ecoando sustentabilidade<\/p>\n<p>&#8211; R3 Animal: Resgatar, reabilitar e reintroduzir animais<\/p>\n<p>&#8211; Instituto do Meio Ambiente: A\u00e7\u00f5es de educa\u00e7\u00e3o ambiental do PAERVE (Parque Estadual do Rio Vermelho)<\/p>\n<p>A\u00e7\u00f5es educativas &#8211; Hor\u00e1rio: 10h \u00e0s 12h<\/p>\n<p>&#8211; Limpeza de praias com a participa\u00e7\u00e3o dos estudantes do 9\u00ba ano das escolas municipais<\/p>\n<p>&#8211; Navega\u00e7\u00e3o pela Costa Norte<\/p>\n<p>&#8211; Distribui\u00e7\u00e3o de mudas, sementes e adubos pela Secretaria Municipal do Meio Ambiente<\/p>\n<p><span style=\"color: #000000; font-family: verdana; font-size: small;\">Fonte: ASCOM\/PMF<\/span><\/p>\n","protected":false},"excerpt":{"rendered":"<p>No Dia Mundial dos Oceanos (8\/6), quarta-feira, a Escola do Mar e diversas institui\u00e7\u00f5es parceiras realizar\u00e3o uma a\u00e7\u00e3o de limpeza das praias de Canasvieiras e&#8230;<\/p>\n","protected":false},"author":1527,"featured_media":39587,"comment_status":"closed","ping_status":"closed","sticky":false,"template":"","format":"standard","meta":{"footnotes":""},"categories":[6],"tags":[],"class_list":["post-39586","post","type-post","status-publish","format-standard","has-post-thumbnail","hentry","category-noticias"],"_links":{"self":[{"href":"https:\/\/www.sincomam.org.br\/index.php\/wp-json\/wp\/v2\/posts\/39586","targetHints":{"allow":["GET"]}}],"collection":[{"href":"https:\/\/www.sincomam.org.br\/index.php\/wp-json\/wp\/v2\/posts"}],"about":[{"href":"https:\/\/www.sincomam.org.br\/index.php\/wp-json\/wp\/v2\/types\/post"}],"author":[{"embeddable":true,"href":"https:\/\/www.sincomam.org.br\/index.php\/wp-json\/wp\/v2\/users\/1527"}],"replies":[{"embeddable":true,"href":"https:\/\/www.sincomam.org.br\/index.php\/wp-json\/wp\/v2\/comments?post=39586"}],"version-history":[{"count":2,"href":"https:\/\/www.sincomam.org.br\/index.php\/wp-json\/wp\/v2\/posts\/39586\/revisions"}],"predecessor-version":[{"id":39593,"href":"https:\/\/www.sincomam.org.br\/index.php\/wp-json\/wp\/v2\/posts\/39586\/revisions\/39593"}],"wp:featuredmedia":[{"embeddable":true,"href":"https:\/\/www.sincomam.org.br\/index.php\/wp-json\/wp\/v2\/media\/39587"}],"wp:attachment":[{"href":"https:\/\/www.sincomam.org.br\/index.php\/wp-json\/wp\/v2\/media?parent=39586"}],"wp:term":[{"taxonomy":"category","embeddable":true,"href":"https:\/\/www.sincomam.org.br\/index.php\/wp-json\/wp\/v2\/categories?post=39586"},{"taxonomy":"post_tag","embeddable":true,"href":"https:\/\/www.sincomam.org.br\/index.php\/wp-json\/wp\/v2\/tags?post=39586"}],"curies":[{"name":"wp","href":"https:\/\/api.w.org\/{rel}","templated":true}]}}