{"id":39581,"date":"2022-06-06T10:36:03","date_gmt":"2022-06-06T13:36:03","guid":{"rendered":"http:\/\/www.sincomam.org.br\/?p=39581"},"modified":"2022-06-06T10:36:03","modified_gmt":"2022-06-06T13:36:03","slug":"operacao-fortaleza-acao-no-mar-e-na-terra-marca-fim-do-exercicio-combinado-das-marinhas-do-brasil-e-da-franca","status":"publish","type":"post","link":"https:\/\/www.sincomam.org.br\/index.php\/operacao-fortaleza-acao-no-mar-e-na-terra-marca-fim-do-exercicio-combinado-das-marinhas-do-brasil-e-da-franca\/","title":{"rendered":"Opera\u00e7\u00e3o Fortaleza: A\u00e7\u00e3o no mar e na terra marca fim do exerc\u00edcio combinado das Marinhas do Brasil e da Fran\u00e7a"},"content":{"rendered":"<p>A \u201cOpera\u00e7\u00e3o Fortaleza\u201d terminou com uma Opera\u00e7\u00e3o Anf\u00edbia na Praia Mansa, na Regi\u00e3o Metropolitana de Fortaleza (CE). O exerc\u00edcio conjunto entre a Marinha do Brasil, a Marinha Nacional da Fran\u00e7a e o Ex\u00e9rcito franc\u00eas reuniu autoridades, imprensa e p\u00fablico para assistir a uma situa\u00e7\u00e3o t\u00e1tica simulada, em que tropas embarcadas no Porta-Helic\u00f3pteros Anf\u00edbio (PHA) \u201cMistral\u201d e no Navio-Patrulha Oce\u00e2nico (NPaOc) \u201cAraguari\u201d realizaram um desembarque a fim de fazer a evacua\u00e7\u00e3o e o acolhimento de civis.<\/p>\n<p>O exerc\u00edcio foi marcado pela a\u00e7\u00e3o combinada dos militares de ambas as na\u00e7\u00f5es, inclusive com franceses desembarcando dos Carros Lagarta Anf\u00edbio (CLAnf) junto \u00e0s tropas brasileiras. Para isso, foi essencial uma prepara\u00e7\u00e3o pr\u00e9via, como afirma o Capit\u00e3o de Corveta (Fuzileiro Naval) Marcio Coelho Pires Filho. \u201cComo a Marinha francesa n\u00e3o possui CLAnf, executamos, durante a fase de oficinas, uma familiariza\u00e7\u00e3o combinada onde foram apresentadas as capacidades da viatura, procedimentos de seguran\u00e7a, m\u00e9todos de embarque e desembarque e transfer\u00eancia de tropas em caso de emerg\u00eancia no mar\u201d.<\/p>\n<p>Opera\u00e7\u00f5es combinadas como essa tem o intuito de refor\u00e7ar a interoperabilidade das for\u00e7as armadas envolvidas, como lembra o comandante do NPaOc \u201cAraguari\u201d, Capit\u00e3o de Fragata James Ac\u00e2mpora Bessa Pinto. \u201cA Opera\u00e7\u00e3o tem como prop\u00f3sito incrementar a capacita\u00e7\u00e3o dos militares e elevar o n\u00edvel de interoperabilidade entre a Marinha do Brasil e a Marinha Nacional da Fran\u00e7a, com militares franceses embarcados no NPaOc \u2018Araguari\u2019 e militares brasileiros embarcados no PHA \u2018Mistral\u2019, contribuindo para a troca de experi\u00eancias e o interc\u00e2mbio de procedimentos e conhecimentos\u201d.<\/p>\n<p>A Opera\u00e7\u00e3o foi aberta ao p\u00fablico e recebeu alunos do Col\u00e9gio C\u00edvico Militar Batalha do Riachuelo. Foi a primeira vez que muitos deles acompanharam de perto uma a\u00e7\u00e3o como essa, como foi o caso do aluno Jo\u00e3o Pedro Fernandes de Alencar, de 17 anos: \u201cFiquei bastante orgulhoso em ver a atua\u00e7\u00e3o da Marinha brasileira junto \u00e0 Marinha francesa, gostaria que outras pessoas tamb\u00e9m pudessem ver como funciona etapa por etapa dessas opera\u00e7\u00f5es\u201d.<\/p>\n<p>Fonte: Ag\u00eancia Marinha de Not\u00edcias<\/p>\n","protected":false},"excerpt":{"rendered":"<p>A \u201cOpera\u00e7\u00e3o Fortaleza\u201d terminou com uma Opera\u00e7\u00e3o Anf\u00edbia na Praia Mansa, na Regi\u00e3o Metropolitana de Fortaleza (CE). O exerc\u00edcio conjunto entre a Marinha do Brasil,&#8230;<\/p>\n","protected":false},"author":1527,"featured_media":39582,"comment_status":"closed","ping_status":"closed","sticky":false,"template":"","format":"standard","meta":{"footnotes":""},"categories":[6],"tags":[],"class_list":["post-39581","post","type-post","status-publish","format-standard","has-post-thumbnail","hentry","category-noticias"],"_links":{"self":[{"href":"https:\/\/www.sincomam.org.br\/index.php\/wp-json\/wp\/v2\/posts\/39581","targetHints":{"allow":["GET"]}}],"collection":[{"href":"https:\/\/www.sincomam.org.br\/index.php\/wp-json\/wp\/v2\/posts"}],"about":[{"href":"https:\/\/www.sincomam.org.br\/index.php\/wp-json\/wp\/v2\/types\/post"}],"author":[{"embeddable":true,"href":"https:\/\/www.sincomam.org.br\/index.php\/wp-json\/wp\/v2\/users\/1527"}],"replies":[{"embeddable":true,"href":"https:\/\/www.sincomam.org.br\/index.php\/wp-json\/wp\/v2\/comments?post=39581"}],"version-history":[{"count":1,"href":"https:\/\/www.sincomam.org.br\/index.php\/wp-json\/wp\/v2\/posts\/39581\/revisions"}],"predecessor-version":[{"id":39583,"href":"https:\/\/www.sincomam.org.br\/index.php\/wp-json\/wp\/v2\/posts\/39581\/revisions\/39583"}],"wp:featuredmedia":[{"embeddable":true,"href":"https:\/\/www.sincomam.org.br\/index.php\/wp-json\/wp\/v2\/media\/39582"}],"wp:attachment":[{"href":"https:\/\/www.sincomam.org.br\/index.php\/wp-json\/wp\/v2\/media?parent=39581"}],"wp:term":[{"taxonomy":"category","embeddable":true,"href":"https:\/\/www.sincomam.org.br\/index.php\/wp-json\/wp\/v2\/categories?post=39581"},{"taxonomy":"post_tag","embeddable":true,"href":"https:\/\/www.sincomam.org.br\/index.php\/wp-json\/wp\/v2\/tags?post=39581"}],"curies":[{"name":"wp","href":"https:\/\/api.w.org\/{rel}","templated":true}]}}