{"id":39528,"date":"2022-06-03T09:46:25","date_gmt":"2022-06-03T12:46:25","guid":{"rendered":"http:\/\/www.sincomam.org.br\/?p=39528"},"modified":"2022-06-03T09:46:25","modified_gmt":"2022-06-03T12:46:25","slug":"velas-latinoamerica-2022-nve-cisne-branco-atraca-em-cartagena","status":"publish","type":"post","link":"https:\/\/www.sincomam.org.br\/index.php\/velas-latinoamerica-2022-nve-cisne-branco-atraca-em-cartagena\/","title":{"rendered":"Velas Latinoamerica 2022: NVe \u201cCisne Branco\u201d atraca em Cartagena"},"content":{"rendered":"<p>O Navio Veleiro (NVe) \u201cCisne Branco\u201d esteve fundeado entre os dias 19 e 20 de maio na ba\u00eda de Barbacoa, Col\u00f4mbia, onde se encontrou com os veleiros que incorporaram \u00e0 Comiss\u00e3o \u201cVelas Latinoamerica 2022\u201d: o Navio Escola \u201cGl\u00f3ria\u201d, da Armada da Rep\u00fablica da Col\u00f4mbia; o Navio Escola \u201cCuauht\u00e9moc\u201d, da Marinha Armada do M\u00e9xico; e o Navio-Escola \u201cAlmirante Juan Bautista Cambiaso\u201d, da Armada da Rep\u00fablica Dominicana. Os navios seguiram juntos para Cartagena das \u00cdndias, onde realizaram Desfile Naval no dia 21, desde a entrada da ba\u00eda que banha a cidade at\u00e9 a atraca\u00e7\u00e3o no cais da Base Naval Bol\u00edvar, permanecendo at\u00e9 o dia 26.<\/p>\n<p>Nessa fase da comiss\u00e3o, foram realizados diversos eventos, como cerim\u00f4nias e desfiles militares, aposi\u00e7\u00e3o floral, recep\u00e7\u00f5es oficiais, visitas aos pontos tur\u00edsticos da cidade, al\u00e9m de atividades esportivas de integra\u00e7\u00e3o entre as tripula\u00e7\u00f5es e marinhas amigas. Destaque especial pode ser feito ao show de abertura da Fase Cartagena da Velas Latinoamerica, que contou com artistas renomados, em palco montado para homenagear as comunidades n\u00e1utica local e internacional.<\/p>\n<p>Durante a estada no porto, os Comandantes foram recebidos pelo Prefeito da Cidade, Willian Dau Chamatt, que homenageou cada navio com Decreto e Chave da Cidade. No dia 24 de maio, o NVe \u201cCisne Branco\u201d recebeu a visita do Ministro de Defesa Nacional da Col\u00f4mbia, Juan Diego Molano Aponte, acompanhado da esposa e do Comandante da For\u00e7a Naval do Caribe, Vice-Almirante Juan Ricardo Rozo Obreg\u00f3n. Os navios permaneceram abertos \u00e0 visita\u00e7\u00e3o p\u00fablica, recebendo cerca de 33.000 visitantes durante todo o per\u00edodo.<\/p>\n<p>Fonte: Defesa em Foco<\/p>\n","protected":false},"excerpt":{"rendered":"<p>O Navio Veleiro (NVe) \u201cCisne Branco\u201d esteve fundeado entre os dias 19 e 20 de maio na ba\u00eda de Barbacoa, Col\u00f4mbia, onde se encontrou com&#8230;<\/p>\n","protected":false},"author":1527,"featured_media":39529,"comment_status":"closed","ping_status":"closed","sticky":false,"template":"","format":"standard","meta":{"footnotes":""},"categories":[6],"tags":[],"class_list":["post-39528","post","type-post","status-publish","format-standard","has-post-thumbnail","hentry","category-noticias"],"_links":{"self":[{"href":"https:\/\/www.sincomam.org.br\/index.php\/wp-json\/wp\/v2\/posts\/39528","targetHints":{"allow":["GET"]}}],"collection":[{"href":"https:\/\/www.sincomam.org.br\/index.php\/wp-json\/wp\/v2\/posts"}],"about":[{"href":"https:\/\/www.sincomam.org.br\/index.php\/wp-json\/wp\/v2\/types\/post"}],"author":[{"embeddable":true,"href":"https:\/\/www.sincomam.org.br\/index.php\/wp-json\/wp\/v2\/users\/1527"}],"replies":[{"embeddable":true,"href":"https:\/\/www.sincomam.org.br\/index.php\/wp-json\/wp\/v2\/comments?post=39528"}],"version-history":[{"count":1,"href":"https:\/\/www.sincomam.org.br\/index.php\/wp-json\/wp\/v2\/posts\/39528\/revisions"}],"predecessor-version":[{"id":39530,"href":"https:\/\/www.sincomam.org.br\/index.php\/wp-json\/wp\/v2\/posts\/39528\/revisions\/39530"}],"wp:featuredmedia":[{"embeddable":true,"href":"https:\/\/www.sincomam.org.br\/index.php\/wp-json\/wp\/v2\/media\/39529"}],"wp:attachment":[{"href":"https:\/\/www.sincomam.org.br\/index.php\/wp-json\/wp\/v2\/media?parent=39528"}],"wp:term":[{"taxonomy":"category","embeddable":true,"href":"https:\/\/www.sincomam.org.br\/index.php\/wp-json\/wp\/v2\/categories?post=39528"},{"taxonomy":"post_tag","embeddable":true,"href":"https:\/\/www.sincomam.org.br\/index.php\/wp-json\/wp\/v2\/tags?post=39528"}],"curies":[{"name":"wp","href":"https:\/\/api.w.org\/{rel}","templated":true}]}}