{"id":39525,"date":"2022-06-03T09:35:10","date_gmt":"2022-06-03T12:35:10","guid":{"rendered":"http:\/\/www.sincomam.org.br\/?p=39525"},"modified":"2022-06-03T09:35:10","modified_gmt":"2022-06-03T12:35:10","slug":"baenspa-realiza-projeto-soldado-cidadao-com-qualificacoes-profissionais-para-marinheiros-recrutas","status":"publish","type":"post","link":"https:\/\/www.sincomam.org.br\/index.php\/baenspa-realiza-projeto-soldado-cidadao-com-qualificacoes-profissionais-para-marinheiros-recrutas\/","title":{"rendered":"BAeNSPA realiza Projeto \u201cSoldado Cidad\u00e3o\u201d, com qualifica\u00e7\u00f5es profissionais para Marinheiros-Recrutas"},"content":{"rendered":"<p>A Base A\u00e9rea Naval de S\u00e3o Pedro da Aldeia (BAeNSPA) concluiu os cursos ministrados pelo Servi\u00e7o Nacional de Aprendizagem Industrial (Senai) para 30 Marinheiros-Recrutas do N\u00facleo de Forma\u00e7\u00e3o de Reservistas Navais (NFRN), no dia 27 de maio.<\/p>\n<p>O Comandante da BAeNSPA, Capit\u00e3o de Mar e Guerra Jos\u00e9 Fabio Carneiro da Silva, parabenizou todos os alunos pela conclus\u00e3o das atividades e salientou a import\u00e2ncia desses cursos t\u00e9cnicos para o mercado de trabalho.<\/p>\n<p>Doze alunos formaram-se em fabrica\u00e7\u00e3o de p\u00e3es e 18 em t\u00e9cnica de revestimento com placas de cer\u00e2mica. No encerramento dos cursos, Genevaldo Soares de Oliveira, instrutor do Senai da \u00e1rea de panifica\u00e7\u00e3o, salientou a dedica\u00e7\u00e3o e o comprometimento dos alunos, enquanto o professor do curso de revestimento com placas de cer\u00e2mica, Get\u00falio da Costa Pinheiro J\u00fanior, comentou sobre a import\u00e2ncia de se ter uma oportunidade como esta.<\/p>\n<p>As qualifica\u00e7\u00f5es foram poss\u00edveis gra\u00e7as a um contrato firmado entre a BAeNSPA e o Senai, em atendimento ao Projeto \u201cSoldado Cidad\u00e3o\u201d, criado em 2004, em uma parceria entre o Minist\u00e9rio da Educa\u00e7\u00e3o e o\u00a0Minist\u00e9rio da Defesa. O objetivo \u00e9 oferecer aos jovens brasileiros, recrutas das For\u00e7as Armadas, cursos profissionalizantes e capacita\u00e7\u00e3o t\u00e9cnico-profissional, a fim de possibilitar-lhes uma melhor capacita\u00e7\u00e3o para o ingresso no mercado de trabalho.<\/p>\n<p>Fonte: Defesa em Foco<\/p>\n","protected":false},"excerpt":{"rendered":"<p>A Base A\u00e9rea Naval de S\u00e3o Pedro da Aldeia (BAeNSPA) concluiu os cursos ministrados pelo Servi\u00e7o Nacional de Aprendizagem Industrial (Senai) para 30 Marinheiros-Recrutas do&#8230;<\/p>\n","protected":false},"author":1527,"featured_media":39526,"comment_status":"closed","ping_status":"closed","sticky":false,"template":"","format":"standard","meta":{"footnotes":""},"categories":[6],"tags":[],"class_list":["post-39525","post","type-post","status-publish","format-standard","has-post-thumbnail","hentry","category-noticias"],"_links":{"self":[{"href":"https:\/\/www.sincomam.org.br\/index.php\/wp-json\/wp\/v2\/posts\/39525","targetHints":{"allow":["GET"]}}],"collection":[{"href":"https:\/\/www.sincomam.org.br\/index.php\/wp-json\/wp\/v2\/posts"}],"about":[{"href":"https:\/\/www.sincomam.org.br\/index.php\/wp-json\/wp\/v2\/types\/post"}],"author":[{"embeddable":true,"href":"https:\/\/www.sincomam.org.br\/index.php\/wp-json\/wp\/v2\/users\/1527"}],"replies":[{"embeddable":true,"href":"https:\/\/www.sincomam.org.br\/index.php\/wp-json\/wp\/v2\/comments?post=39525"}],"version-history":[{"count":1,"href":"https:\/\/www.sincomam.org.br\/index.php\/wp-json\/wp\/v2\/posts\/39525\/revisions"}],"predecessor-version":[{"id":39527,"href":"https:\/\/www.sincomam.org.br\/index.php\/wp-json\/wp\/v2\/posts\/39525\/revisions\/39527"}],"wp:featuredmedia":[{"embeddable":true,"href":"https:\/\/www.sincomam.org.br\/index.php\/wp-json\/wp\/v2\/media\/39526"}],"wp:attachment":[{"href":"https:\/\/www.sincomam.org.br\/index.php\/wp-json\/wp\/v2\/media?parent=39525"}],"wp:term":[{"taxonomy":"category","embeddable":true,"href":"https:\/\/www.sincomam.org.br\/index.php\/wp-json\/wp\/v2\/categories?post=39525"},{"taxonomy":"post_tag","embeddable":true,"href":"https:\/\/www.sincomam.org.br\/index.php\/wp-json\/wp\/v2\/tags?post=39525"}],"curies":[{"name":"wp","href":"https:\/\/api.w.org\/{rel}","templated":true}]}}