{"id":39485,"date":"2022-06-02T12:24:21","date_gmt":"2022-06-02T15:24:21","guid":{"rendered":"http:\/\/www.sincomam.org.br\/?p=39485"},"modified":"2022-06-02T18:11:41","modified_gmt":"2022-06-02T21:11:41","slug":"deputados-analisam-projeto-do-governo-que-cria-a-br-do-mar","status":"publish","type":"post","link":"https:\/\/www.sincomam.org.br\/index.php\/deputados-analisam-projeto-do-governo-que-cria-a-br-do-mar\/","title":{"rendered":"Rio recomenda cuidados sem impor restri\u00e7\u00f5es diante de alta da covid-19"},"content":{"rendered":"<p>A prefeitura do Rio\u00a0de Janeiro\u00a0reconheceu\u00a0hoje\u00a0(2) que a cidade vive um aumento nos casos de covid-19 nas \u00faltimas semanas, mas avaliou que a situa\u00e7\u00e3o n\u00e3o \u00e9 grave e que n\u00e3o \u00e9 o momento de retomar medidas restritivas como a obrigatoriedade do uso de m\u00e1scaras. O munic\u00edpio registrou 5 mil novos casos da doen\u00e7a na semana passada, e, a cada 100 testes em pessoas com sintomas gripais, 20 confirmam a presen\u00e7a do SARS-CoV-2.\u00a0\u00a0<img decoding=\"async\" src=\"https:\/\/agenciabrasil.ebc.com.br\/ebc.png?id=1463441&amp;o=node\" \/><img decoding=\"async\" src=\"https:\/\/agenciabrasil.ebc.com.br\/ebc.gif?id=1463441&amp;o=node\" \/><\/p>\n<p>O prefeito da cidade, Eduardo Paes, em\u00a0entrevista coletiva ao lado do secret\u00e1rio municipal de sa\u00fade, Rodrigo Prado, e do\u00a0superintendente de vigil\u00e2ncia em sa\u00fade, Marcio Garcia, atualizou os dados sobre a epidemia na cidade. Eles refor\u00e7aram a recomenda\u00e7\u00e3o para que pessoas com sintomas gripais usem m\u00e1scaras e fa\u00e7am testes de covid-19 nos centros municipais de sa\u00fade e cl\u00ednicas da fam\u00edlia, e reiteraram que a popula\u00e7\u00e3o deve completar o esquema vacinal, incluindo as doses de refor\u00e7o que cabem a suas faixas et\u00e1rias.<\/p>\n<p>&#8220;N\u00f3s n\u00e3o temos, neste momento, uma situa\u00e7\u00e3o grave na cidade, e n\u00e3o vamos impor ou criar nenhum tipo de medida restritiva no dia de\u00a0hoje&#8221;, disse o prefeito, que pediu que pessoas imunodeprimidas, idosas e com comorbidades usem m\u00e1scaras. &#8220;Estamos ainda no campo das recomenda\u00e7\u00f5es. A gente espera n\u00e3o\u00a0ter\u00a0que em nenhum momento impor nenhuma medida restritiva.&#8221;<\/p>\n<p>O prefeito tamb\u00e9m recomendou aos respons\u00e1veis deem m\u00e1scaras para que seus filhos usem nas escolas. &#8220;Temos visto em muitas unidades de ensino, n\u00e3o s\u00f3 da rede privada, mas tamb\u00e9m da rede p\u00fablica, alguns surtos surgindo&#8221;.<\/p>\n<p>O secret\u00e1rio municipal de sa\u00fade afirmou que a cidade se preparou para o inverno, quando as doen\u00e7as respirat\u00f3rias tendem a crescer em n\u00famero de casos, e a rede municipal disp\u00f5e de 1 milh\u00e3o de testes para o diagn\u00f3stico da covid-19.<\/p>\n<p>&#8220;Esse aumento de casos j\u00e1 era esperado&#8221;, disse Prado, que anunciou a abertura de tr\u00eas centros de testagem nas \u00e1reas externas do Centro Municipal de Sa\u00fade (CMS) P\u00edndaro de Carvalho Rodrigues, na G\u00e1vea; no CMS Heitor Beltr\u00e3o, na Tijuca; e na Cl\u00ednica de Fam\u00edlia Zilda Arns, no Complexo do Alem\u00e3o.<\/p>\n<p>A prefeitura refor\u00e7a, por\u00e9m, que todas as cl\u00ednicas da fam\u00edlia e centros municipais de sa\u00fade podem ser procurados por pessoas com sintomas gripais para a realiza\u00e7\u00e3o de testes de covid-19.<\/p>\n<p>O secret\u00e1rio tamb\u00e9m afirmou que oficiou o governo do estado e o governo federal solicitando a abertura de mais leitos para pacientes com covid-19. Caso seja necess\u00e1rio, Prado disse que os hospitais municipais tamb\u00e9m podem abrir mais leitos. No fim da manh\u00e3 de\u00a0hoje, havia 69 pessoas internadas com covid-19 na rede p\u00fablica do Rio\u00a0de Janeiro, o que inclui hospitais municipais, estaduais e federais.<\/p>\n<p>O superintendente de vigil\u00e2ncia, M\u00e1rcio Garcia, apresentou a maior parte dos dados sobre a doen\u00e7a na cidade, e destacou que, apesar do aumento no n\u00famero de casos, o mesmo n\u00e3o \u00e9 observado entre os \u00f3bitos. Ele n\u00e3o descarta que a circula\u00e7\u00e3o de novos subtipos da variante \u00d4micron no cen\u00e1rio epidemiol\u00f3gico da cidade possa\u00a0ter\u00a0contribu\u00eddo para a alta recente de casos.<\/p>\n<p>Segundo levantamento apresentado pelo munic\u00edpio, a \u00d4micron BA.4 superou os demais subtipos e estava em todas as amostras sequenciadas nos residentes do munic\u00edpio do Rio na \u00faltima semana epidemiol\u00f3gica verificada.\u00a0&#8220;Na \u00faltima semana, temos uma domin\u00e2ncia do BA.4, e realmente essa grande ocorr\u00eancia de v\u00e1rias subtipagens da variante \u00d4micron pode estar colaborando com o aumento de casos, mas o mais importante \u00e9 que s\u00e3o aumentos de casos de s\u00edndrome gripal e n\u00e3o temos um aumento de casos graves e \u00f3bitos gra\u00e7as \u00e0s coberturas vacinais.&#8221;<\/p>\n<p>A prefeitura programou para o pr\u00f3ximo\u00a0s\u00e1bado\u00a0(4) uma campanha de multivacina\u00e7\u00e3o para aumentar as coberturas vacinais contra o sarampo, a gripe e a covid-19. Haver\u00e1 refor\u00e7o nas unidades de sa\u00fade, que v\u00e3o funcionar de 8h \u00e0s 17h. A partir deste dia, a vacina da gripe ser\u00e1 liberada para toda a popula\u00e7\u00e3o com mais de 6 meses de idade.<\/p>\n<p>Segundo o munic\u00edpio, apenas 37% do p\u00fablico-alvo da campanha foi imunizado contra a gripe neste ano. A recomenda\u00e7\u00e3o das autoridades \u00e9 que pessoas do grupo priorit\u00e1rio busquem a vacina, que deve ser aplicada preferencialmente antes do inverno.<\/p>\n<p>Fazem parte dos grupos priorit\u00e1rios da gripe idosos, gestantes, pu\u00e9rperas, crian\u00e7as de 6 meses a 5 anos, quilombolas e comunidades ind\u00edgenas, trabalhadores da educa\u00e7\u00e3o, trabalhadores da sa\u00fade, pessoas com defici\u00eancia permanente, caminhoneiros, trabalhadores do transporte rodovi\u00e1rio de passageiros, trabalhadores portu\u00e1rios, for\u00e7as de seguran\u00e7a e salvamento, for\u00e7as armadas, funcion\u00e1rios do sistema prisional, pessoas em priva\u00e7\u00e3o de liberdade e pessoas com comorbidades descritas no Plano Nacional de Imuniza\u00e7\u00e3o.<\/p>\n<p>Fonte: Ag\u00eancia Brasil<\/p>\n","protected":false},"excerpt":{"rendered":"<p>A prefeitura do Rio\u00a0de Janeiro\u00a0reconheceu\u00a0hoje\u00a0(2) que a cidade vive um aumento nos casos de covid-19 nas \u00faltimas semanas, mas avaliou que a situa\u00e7\u00e3o n\u00e3o \u00e9&#8230;<\/p>\n","protected":false},"author":1527,"featured_media":30567,"comment_status":"closed","ping_status":"closed","sticky":false,"template":"","format":"standard","meta":{"footnotes":""},"categories":[6],"tags":[],"class_list":["post-39485","post","type-post","status-publish","format-standard","has-post-thumbnail","hentry","category-noticias"],"_links":{"self":[{"href":"https:\/\/www.sincomam.org.br\/index.php\/wp-json\/wp\/v2\/posts\/39485","targetHints":{"allow":["GET"]}}],"collection":[{"href":"https:\/\/www.sincomam.org.br\/index.php\/wp-json\/wp\/v2\/posts"}],"about":[{"href":"https:\/\/www.sincomam.org.br\/index.php\/wp-json\/wp\/v2\/types\/post"}],"author":[{"embeddable":true,"href":"https:\/\/www.sincomam.org.br\/index.php\/wp-json\/wp\/v2\/users\/1527"}],"replies":[{"embeddable":true,"href":"https:\/\/www.sincomam.org.br\/index.php\/wp-json\/wp\/v2\/comments?post=39485"}],"version-history":[{"count":3,"href":"https:\/\/www.sincomam.org.br\/index.php\/wp-json\/wp\/v2\/posts\/39485\/revisions"}],"predecessor-version":[{"id":39503,"href":"https:\/\/www.sincomam.org.br\/index.php\/wp-json\/wp\/v2\/posts\/39485\/revisions\/39503"}],"wp:featuredmedia":[{"embeddable":true,"href":"https:\/\/www.sincomam.org.br\/index.php\/wp-json\/wp\/v2\/media\/30567"}],"wp:attachment":[{"href":"https:\/\/www.sincomam.org.br\/index.php\/wp-json\/wp\/v2\/media?parent=39485"}],"wp:term":[{"taxonomy":"category","embeddable":true,"href":"https:\/\/www.sincomam.org.br\/index.php\/wp-json\/wp\/v2\/categories?post=39485"},{"taxonomy":"post_tag","embeddable":true,"href":"https:\/\/www.sincomam.org.br\/index.php\/wp-json\/wp\/v2\/tags?post=39485"}],"curies":[{"name":"wp","href":"https:\/\/api.w.org\/{rel}","templated":true}]}}